{"id":54842,"date":"2024-10-22T07:25:09","date_gmt":"2024-10-22T10:25:09","guid":{"rendered":"http:\/\/www.sincomam.org.br\/?p=54842"},"modified":"2024-10-22T07:22:58","modified_gmt":"2024-10-22T10:22:58","slug":"nivel-do-rio-negro-sobe-mas-estiagem-ainda-nao-acabou-no-amazonas","status":"publish","type":"post","link":"https:\/\/www.sincomam.org.br\/index.php\/nivel-do-rio-negro-sobe-mas-estiagem-ainda-nao-acabou-no-amazonas\/","title":{"rendered":"N\u00edvel do Rio Negro sobe, mas estiagem ainda n\u00e3o acabou no Amazonas"},"content":{"rendered":"<p>A cota do Rio Negro chegou a 12,25 metros na capital amazonense. Mas a subida no n\u00edvel das \u00e1guas no rio que banha Manaus nos \u00faltimos dias ainda n\u00e3o indica que a estiagem tenha terminado.<img decoding=\"async\" src=\"https:\/\/agenciabrasil.ebc.com.br\/ebc.png?id=1615900&amp;o=node\" \/><img decoding=\"async\" src=\"https:\/\/agenciabrasil.ebc.com.br\/ebc.gif?id=1615900&amp;o=node\" \/><\/p>\n<p>Segundo o Servi\u00e7o Geol\u00f3gico do Brasil (SGB), ainda \u00e9 preciso chuvas mais consistentes e distribu\u00eddas, tanto na regi\u00e3o de cabeceira quanto na parte central da bacia e em trechos de foz, para a recupera\u00e7\u00e3o dos n\u00edveis.<\/p>\n<p>O pesquisador em Geoci\u00eancias do SGB, Marcus Suassuna, diz que as chuvas ainda est\u00e3o abaixo da normalidade.<\/p>\n<p>&#8220;A esta\u00e7\u00e3o chuvosa vem acontecendo de uma forma com semanas com um pouco mais de chuvas, e outras semanas, com menos chuva. Essa forma intermitente da chuva faz com que o n\u00edvel do rio, no final do per\u00edodo de seca, ainda se eleve de forma modesta, com pequenas subidas e possibilidade de estabiliza\u00e7\u00e3o&#8221;, disse.<\/p>\n<p>Na seca do ano passado, o Rio Negro come\u00e7ou a encher no dia 28 de outubro e voltou a vazar em 8 de novembro, fen\u00f4meno conhecido no Amazonas como repiquete.<\/p>\n<p>A estiagem deste ano j\u00e1 \u00e9 a maior da hist\u00f3ria, quando o n\u00edvel do rio chegou a 12,11 metros de m\u00ednima no dia 9 de outubro.<\/p>\n<p>Fonte: Ag\u00eancia Brasil<\/p>\n","protected":false},"excerpt":{"rendered":"<p>A cota do Rio Negro chegou a 12,25 metros na capital amazonense. Mas a subida no n\u00edvel das \u00e1guas no rio que banha Manaus nos&#8230;<\/p>\n","protected":false},"author":1527,"featured_media":54844,"comment_status":"closed","ping_status":"closed","sticky":false,"template":"","format":"standard","meta":{"footnotes":""},"categories":[6],"tags":[],"class_list":["post-54842","post","type-post","status-publish","format-standard","has-post-thumbnail","hentry","category-noticias"],"_links":{"self":[{"href":"https:\/\/www.sincomam.org.br\/index.php\/wp-json\/wp\/v2\/posts\/54842","targetHints":{"allow":["GET"]}}],"collection":[{"href":"https:\/\/www.sincomam.org.br\/index.php\/wp-json\/wp\/v2\/posts"}],"about":[{"href":"https:\/\/www.sincomam.org.br\/index.php\/wp-json\/wp\/v2\/types\/post"}],"author":[{"embeddable":true,"href":"https:\/\/www.sincomam.org.br\/index.php\/wp-json\/wp\/v2\/users\/1527"}],"replies":[{"embeddable":true,"href":"https:\/\/www.sincomam.org.br\/index.php\/wp-json\/wp\/v2\/comments?post=54842"}],"version-history":[{"count":1,"href":"https:\/\/www.sincomam.org.br\/index.php\/wp-json\/wp\/v2\/posts\/54842\/revisions"}],"predecessor-version":[{"id":54845,"href":"https:\/\/www.sincomam.org.br\/index.php\/wp-json\/wp\/v2\/posts\/54842\/revisions\/54845"}],"wp:featuredmedia":[{"embeddable":true,"href":"https:\/\/www.sincomam.org.br\/index.php\/wp-json\/wp\/v2\/media\/54844"}],"wp:attachment":[{"href":"https:\/\/www.sincomam.org.br\/index.php\/wp-json\/wp\/v2\/media?parent=54842"}],"wp:term":[{"taxonomy":"category","embeddable":true,"href":"https:\/\/www.sincomam.org.br\/index.php\/wp-json\/wp\/v2\/categories?post=54842"},{"taxonomy":"post_tag","embeddable":true,"href":"https:\/\/www.sincomam.org.br\/index.php\/wp-json\/wp\/v2\/tags?post=54842"}],"curies":[{"name":"wp","href":"https:\/\/api.w.org\/{rel}","templated":true}]}}