{"id":5474,"date":"2014-05-14T08:25:30","date_gmt":"2014-05-14T11:25:30","guid":{"rendered":"http:\/\/www.sincomam.org.br\/?p=5474"},"modified":"2014-05-13T23:47:03","modified_gmt":"2014-05-14T02:47:03","slug":"predio-da-marinha-e-esvaziado-no-rio-apos-tremor","status":"publish","type":"post","link":"https:\/\/www.sincomam.org.br\/index.php\/predio-da-marinha-e-esvaziado-no-rio-apos-tremor\/","title":{"rendered":"Pr\u00e9dio da Marinha \u00e9 esvaziado no Rio ap\u00f3s tremor"},"content":{"rendered":"<p><strong><em>Segundo Defesa Civil, nenhum dano estrutural foi encontrado<\/em><\/strong><\/p>\n<p>Um pr\u00e9dio da Marinha do Brasil localizado no Centro do Rio foi esvaziado na manh\u00e3 da \u00faltima sexta-feira (9), por volta das 9h, ap\u00f3s vibra\u00e7\u00f5es em sua estrutura. Os militares que trabalhavam no edif\u00edcio, que fica na Rua Primeiro de Mar\u00e7o, foram dispensados do servi\u00e7o por quest\u00f5es de seguran\u00e7a, at\u00e9 que fosse apurada a causa das vibra\u00e7\u00f5es, de acordo com a Institui\u00e7\u00e3o. A Defesa Civil Municipal foi acionada e engenheiros analisavam a estrutura.<\/p>\n<p>De acordo com a an\u00e1lise do \u00f3rg\u00e3o, as vibra\u00e7\u00f5es mais intensas podem ter sido causadas pela utiliza\u00e7\u00e3o de um aparelho, o rompedor hidr\u00e1ulico, nas obras de reciclagem de materiais ap\u00f3s a implos\u00e3o da Perimetral.<\/p>\n<p><strong>An\u00e1lise ap\u00f3s o acidente<\/strong><\/p>\n<p>A suspeita da Defesa Civil \u00e9 que o tremor tenha sido intensificado devido ao n\u00edvel mais alto da mar\u00e9, que dificulta a propaga\u00e7\u00e3o dessas vibra\u00e7\u00f5es. Outro ponto analisado foi a presen\u00e7a de rochas na regi\u00e3o que tamb\u00e9m colaborariam para dissipar as vibra\u00e7\u00f5es para a \u00e1rea dos pr\u00e9dios. A Defesa Civil n\u00e3o constatou nenhum dano estrutural no pr\u00e9dio.<\/p>\n<p>Fonte: G1 &#8211; Rio<br \/>Foto:\u00a0Alessandro Costa \/ Ag\u00eancia O Dia<\/p>\n","protected":false},"excerpt":{"rendered":"<p>Segundo Defesa Civil, nenhum dano estrutural foi encontrado Um pr\u00e9dio da Marinha do Brasil localizado no Centro do Rio foi esvaziado na manh\u00e3 da \u00faltima&#8230;<\/p>\n","protected":false},"author":1182,"featured_media":5475,"comment_status":"closed","ping_status":"closed","sticky":false,"template":"","format":"standard","meta":{"footnotes":""},"categories":[6],"tags":[15,1189,394,1190,721],"class_list":["post-5474","post","type-post","status-publish","format-standard","has-post-thumbnail","hentry","category-noticias","tag-marinha","tag-predio","tag-resgate","tag-tremor","tag-vitimas"],"_links":{"self":[{"href":"https:\/\/www.sincomam.org.br\/index.php\/wp-json\/wp\/v2\/posts\/5474","targetHints":{"allow":["GET"]}}],"collection":[{"href":"https:\/\/www.sincomam.org.br\/index.php\/wp-json\/wp\/v2\/posts"}],"about":[{"href":"https:\/\/www.sincomam.org.br\/index.php\/wp-json\/wp\/v2\/types\/post"}],"author":[{"embeddable":true,"href":"https:\/\/www.sincomam.org.br\/index.php\/wp-json\/wp\/v2\/users\/1182"}],"replies":[{"embeddable":true,"href":"https:\/\/www.sincomam.org.br\/index.php\/wp-json\/wp\/v2\/comments?post=5474"}],"version-history":[{"count":1,"href":"https:\/\/www.sincomam.org.br\/index.php\/wp-json\/wp\/v2\/posts\/5474\/revisions"}],"predecessor-version":[{"id":5476,"href":"https:\/\/www.sincomam.org.br\/index.php\/wp-json\/wp\/v2\/posts\/5474\/revisions\/5476"}],"wp:featuredmedia":[{"embeddable":true,"href":"https:\/\/www.sincomam.org.br\/index.php\/wp-json\/wp\/v2\/media\/5475"}],"wp:attachment":[{"href":"https:\/\/www.sincomam.org.br\/index.php\/wp-json\/wp\/v2\/media?parent=5474"}],"wp:term":[{"taxonomy":"category","embeddable":true,"href":"https:\/\/www.sincomam.org.br\/index.php\/wp-json\/wp\/v2\/categories?post=5474"},{"taxonomy":"post_tag","embeddable":true,"href":"https:\/\/www.sincomam.org.br\/index.php\/wp-json\/wp\/v2\/tags?post=5474"}],"curies":[{"name":"wp","href":"https:\/\/api.w.org\/{rel}","templated":true}]}}