{"id":54733,"date":"2024-10-16T08:46:28","date_gmt":"2024-10-16T11:46:28","guid":{"rendered":"http:\/\/www.sincomam.org.br\/?p=54733"},"modified":"2024-10-16T08:46:28","modified_gmt":"2024-10-16T11:46:28","slug":"governo-planeja-leilao-de-area-com-4-bercos-para-conteineres-em-santos","status":"publish","type":"post","link":"https:\/\/www.sincomam.org.br\/index.php\/governo-planeja-leilao-de-area-com-4-bercos-para-conteineres-em-santos\/","title":{"rendered":"Governo planeja leil\u00e3o de \u00e1rea com 4 ber\u00e7os para cont\u00eaineres em Santos"},"content":{"rendered":"<p>O governo decidiu dar prosseguimento ao leil\u00e3o de uma nova \u00e1rea destinada \u00e0 movimenta\u00e7\u00e3o de cont\u00eaineres no Porto de Santos. O Minist\u00e9rio de Portos e Aeroportos (MPor) informou, na tarde desta ter\u00e7a-feira (15), que a decis\u00e3o foi tomada ap\u00f3s analisar diversas alternativas \u00e0 concess\u00e3o da unidade portu\u00e1ria STS-10 e que o modelo aprovado em alinhamento com a Casa Civil prev\u00ea quatro ber\u00e7os de atraca\u00e7\u00e3o, um a mais do que no projeto original.<\/p>\n<p>O MPor estima que a nova \u00e1rea ampliar\u00e1 em 50% a capacidade de cont\u00eaineres no maior porto do pa\u00eds. O complexo portu\u00e1rio de Santos, que hoje recebe 6 milh\u00f5es de cont\u00eaineres por ano, passar\u00e1 a ter capacidade para comportar 9 milh\u00f5es de unidades.<\/p>\n<p>Recentemente, o minist\u00e9rio encaminhou of\u00edcio \u00e0 Infra SA com as diretrizes para a concess\u00e3o, que preveem adapta\u00e7\u00f5es no modelo original proposto h\u00e1 cinco anos. As diretrizes do MPor para o STS10 foram definidas pela \u00e1rea t\u00e9cnica e o estudo ajustado dever\u00e1 ser encaminhado para an\u00e1lise do Tribunal de Contas da Uni\u00e3o ainda este ano. A previs\u00e3o \u00e9 que o leil\u00e3o da \u00e1rea ocorra em 2025.<\/p>\n<p>O minist\u00e9rio ressaltou que o governo federal analisar\u00e1 com a Infra S.A outra modelagem para a opera\u00e7\u00e3o do terminal de passageiros, que hoje recebe cerca de 1 milh\u00e3o de cruzeiristas por ano. O novo terminal de passageiros, segundo o MPor, n\u00e3o deve interferir na opera\u00e7\u00e3o da \u00e1rea de cont\u00eaineres.<\/p>\n<p>O ministro de portos e aeroportos, Silvio Costa Filho, defendeu que esse \u00e9 um projeto constru\u00eddo ap\u00f3s muita an\u00e1lise e lembrou que o modelo original foi elaborado em um cen\u00e1rio de privatiza\u00e7\u00e3o do Porto de Santos, que foi descartado desde o come\u00e7o do atual mandato do presidente Lula. Segundo Costa Filho, essa \u00e9 uma proposta que se encaixa com o modelo de desenvolvimento que o pa\u00eds precisa. \u201dEstamos ampliando a capacidade de importa\u00e7\u00e3o e exporta\u00e7\u00e3o do maior porto brasileiro, garantindo melhoria na opera\u00e7\u00e3o e tornando nossos produtos exportados ainda mais competitivos\u201d, declarou.<\/p>\n<p>Fonte: Portos e Navios<\/p>\n","protected":false},"excerpt":{"rendered":"<p>O governo decidiu dar prosseguimento ao leil\u00e3o de uma nova \u00e1rea destinada \u00e0 movimenta\u00e7\u00e3o de cont\u00eaineres no Porto de Santos. O Minist\u00e9rio de Portos e&#8230;<\/p>\n","protected":false},"author":1527,"featured_media":0,"comment_status":"closed","ping_status":"closed","sticky":false,"template":"","format":"standard","meta":{"footnotes":""},"categories":[1],"tags":[],"class_list":["post-54733","post","type-post","status-publish","format-standard","hentry","category-sem-categoria"],"_links":{"self":[{"href":"https:\/\/www.sincomam.org.br\/index.php\/wp-json\/wp\/v2\/posts\/54733","targetHints":{"allow":["GET"]}}],"collection":[{"href":"https:\/\/www.sincomam.org.br\/index.php\/wp-json\/wp\/v2\/posts"}],"about":[{"href":"https:\/\/www.sincomam.org.br\/index.php\/wp-json\/wp\/v2\/types\/post"}],"author":[{"embeddable":true,"href":"https:\/\/www.sincomam.org.br\/index.php\/wp-json\/wp\/v2\/users\/1527"}],"replies":[{"embeddable":true,"href":"https:\/\/www.sincomam.org.br\/index.php\/wp-json\/wp\/v2\/comments?post=54733"}],"version-history":[{"count":1,"href":"https:\/\/www.sincomam.org.br\/index.php\/wp-json\/wp\/v2\/posts\/54733\/revisions"}],"predecessor-version":[{"id":54735,"href":"https:\/\/www.sincomam.org.br\/index.php\/wp-json\/wp\/v2\/posts\/54733\/revisions\/54735"}],"wp:attachment":[{"href":"https:\/\/www.sincomam.org.br\/index.php\/wp-json\/wp\/v2\/media?parent=54733"}],"wp:term":[{"taxonomy":"category","embeddable":true,"href":"https:\/\/www.sincomam.org.br\/index.php\/wp-json\/wp\/v2\/categories?post=54733"},{"taxonomy":"post_tag","embeddable":true,"href":"https:\/\/www.sincomam.org.br\/index.php\/wp-json\/wp\/v2\/tags?post=54733"}],"curies":[{"name":"wp","href":"https:\/\/api.w.org\/{rel}","templated":true}]}}