{"id":54724,"date":"2024-10-15T08:50:31","date_gmt":"2024-10-15T11:50:31","guid":{"rendered":"http:\/\/www.sincomam.org.br\/?p=54724"},"modified":"2024-10-15T08:50:31","modified_gmt":"2024-10-15T11:50:31","slug":"maior-regata-da-america-latina-nas-aguas-da-baia-de-guanabara","status":"publish","type":"post","link":"https:\/\/www.sincomam.org.br\/index.php\/maior-regata-da-america-latina-nas-aguas-da-baia-de-guanabara\/","title":{"rendered":"Maior regata da Am\u00e9rica Latina nas \u00e1guas da Ba\u00eda de Guanabara"},"content":{"rendered":"<p class=\"text-align-justify\">O \u00faltimo final de semana, foi dia de unir a pr\u00e1tica esportiva e o amor pelo mar. A Ba\u00eda de Guanabara foi palco de um dos eventos mais tradicionais do iatismo nacional: a Regata da Escola Naval (EN), no Rio de Janeiro. Velejadores de diversas partes do Brasil e do mundo se reuniram para disputar a maior regata da Am\u00e9rica Latina, com um mar de velas colorindo a paisagem carioca.<\/p>\n<p class=\"text-align-justify\">O evento, realizado anualmente no Dia do Velejador, segundo domingo de outubro, \u00e9 uma celebra\u00e7\u00e3o da maritimidade brasileira e reuniu 252 embarca\u00e7\u00f5es e 691 competidores participando em v\u00e1rias classes de veleiros. Al\u00e9m disso, o dia tamb\u00e9m contou com competi\u00e7\u00f5es de canoagem e remo escaler.<\/p>\n<p class=\"text-align-justify\">Um dos momentos mais marcantes do evento foi o simb\u00f3lico disparo do canh\u00e3o para marcar a largada da Regata, feito pelo Diretor-Geral do Pessoal da Marinha, Almirante de Esquadra Renato Garcia Arruda.<\/p>\n<p class=\"text-align-justify\">Para o Comandante da Escola Naval, Contra-Almirante Vagner Belarmino de Oliveira, este evento est\u00e1 alinhado com a conscientiza\u00e7\u00e3o da sociedade brasileira da import\u00e2ncia do mar e da Amaz\u00f4nia Azul para o Pa\u00eds.<\/p>\n<p class=\"text-align-justify\">Tamb\u00e9m estiveram presentes para prestigiar e participar das competi\u00e7\u00f5es, oito Marinhas Amigas: Argentina, China, Col\u00f4mbia, \u00cdndia, It\u00e1lia, Paquist\u00e3o, Peru e Portugal.<\/p>\n<p class=\"text-align-justify\">Enquanto as embarca\u00e7\u00f5es deslizavam pela Ba\u00eda, a Ilha de Villegagnon, sede hist\u00f3rica da EN, abriu seus port\u00f5es para um p\u00fablico de aproximadamente 3.000 pessoas, que al\u00e9m de acompanharem de perto a competi\u00e7\u00e3o, tiveram a chance de explorar exposi\u00e7\u00f5es interativas com embarca\u00e7\u00f5es e aeronaves da Marinha, assistir \u00e0 apresenta\u00e7\u00e3o de c\u00e3es de guerra e se encantar com o som da Banda Marcial do Corpo de Fuzileiros Navais.<\/p>\n<p class=\"text-align-justify\">A visita tamb\u00e9m incluiu o acesso ao museu da Escola Naval, ao planet\u00e1rio, uma exposi\u00e7\u00e3o de carros antigos e o Circuito Carioca de Arte e Cultura. O local contou ainda com uma \u00e1rea de recrea\u00e7\u00e3o infantil e um food park com diversas op\u00e7\u00f5es gastron\u00f4micas.<\/p>\n<p class=\"text-align-justify\">Para Ruth, que chegou cedo para acompanhar tudo de perto, o evento estava bem organizado. \u201c\u00c9 maravilhoso! Eu j\u00e1 estive aqui outras vezes, em outros anos. J\u00e1 estive com a minha netinha de 8 anos e agora estou com meu outro netinho de 1 ano e 8 meses\u201d, declarou.<\/p>\n<p class=\"text-align-justify\">Ao final das provas, os participantes se reuniram para a cerim\u00f4nia de premia\u00e7\u00e3o. Com um cen\u00e1rio ao fundo composto pelo P\u00e3o de A\u00e7\u00facar e pelo Cristo Redentor, os vencedores da canoagem, veleiros r\u00e1dio controlado, remo escaler e Marinhas amigas subiram ao p\u00f3dio para receber suas medalhas. Algumas categorias ter\u00e3o suas premia\u00e7\u00f5es em outro dia. Na categoria das Marinhas Amigas, a equipe do Brasil ficou em primeiro lugar.<\/p>\n<p class=\"text-align-justify\">Pedro Silva, Aspirante da Escola Naval, ficou com a medalha de ouro com sua equipe, na categoria de Remo Escaler, que pela primeira vez na Regata da EN incluiu uma prova de 10 km de dist\u00e2ncia. \u201cTenho certeza que foi uma prova desafiadora para todos n\u00f3s. O percurso foi algo in\u00e9dito, n\u00f3s nunca fizemos. Eu tenho certeza que todos n\u00f3s vibramos muito\u201d, contou.<\/p>\n<p class=\"text-align-justify\">O Aspirante Aguiar, que competiu na categoria RGS, afirmou que participar da regata \u00e9 sempre uma honra. \u201cUma regata com percurso \u00fanico, que tem emo\u00e7\u00e3o do in\u00edcio at\u00e9 o final pela quantidade de barcos na raia. Al\u00e9m disso, \u00e9 uma \u00f3tima oportunidade de reunir os familiares e os amigos queridos num ambiente repleto de atra\u00e7\u00f5es militares e socioculturais\u201d, declarou.<\/p>\n<h6 class=\"text-align-justify\">Da tradicional Marinha de Vela ao esporte: a arte de velejar<\/h6>\n<p class=\"text-align-justify\">A hist\u00f3ria da Marinha brasileira remonta ao per\u00edodo da Independ\u00eancia, em 1822, quando se fez necess\u00e1ria a cria\u00e7\u00e3o de uma For\u00e7a Naval capaz de proteger o extenso litoral brasileiro e assegurar a soberania do novo Pa\u00eds. Desde ent\u00e3o, a Marinha herdou e desenvolveu a tradi\u00e7\u00e3o da marinha de vela, uma pr\u00e1tica dos tempos em que os navios \u00e0 vela eram os principais meios de transporte e defesa mar\u00edtima. Esses navios, movidos apenas pela for\u00e7a do vento, exigiam grandes conhecimentos de navega\u00e7\u00e3o, meteorologia e dom\u00ednio das complexas manobras com as velas.<\/p>\n<p class=\"text-align-justify\">A tradi\u00e7\u00e3o da marinha de vela n\u00e3o apenas formou marinheiros h\u00e1beis e experientes, mas tamb\u00e9m deixou um legado cultural e t\u00e9cnico.<\/p>\n<p class=\"text-align-justify\">Hoje, velejar \u00e9 considerado um esporte n\u00e1utico que pode ser praticado em diferentes tipos de barcos, desde os pequenos monotipos at\u00e9 grandes veleiros, e em \u00e1guas tranquilas de lagos, rios ou nos mares mais desafiadores.<\/p>\n<p class=\"text-align-justify\">Al\u00e9m de proporcionar uma conex\u00e3o com a natureza, velejar tamb\u00e9m exige uma combina\u00e7\u00e3o de for\u00e7a f\u00edsica, estrat\u00e9gia e trabalho em equipe, especialmente em competi\u00e7\u00f5es. Regatas, por exemplo, s\u00e3o corridas de veleiros onde os participantes precisam tra\u00e7ar a melhor rota, considerando as condi\u00e7\u00f5es do vento e do mar para chegar antes ao destino. O esporte desenvolve habilidades de planejamento e tomada de decis\u00e3o, al\u00e9m de promover a conviv\u00eancia e a coopera\u00e7\u00e3o entre os velejadores.<\/p>\n<h6>Como ingressar na Marinha?<\/h6>\n<p class=\"text-align-justify\">A Escola Naval, fundada em 1782, \u00e9 a mais antiga institui\u00e7\u00e3o de ensino superior militar do Brasil, dedicada \u00e0 forma\u00e7\u00e3o de Oficiais para os Corpos da Armada (CA), Fuzileiros Navais (CFN) e Intendentes da Marinha (CIM). Seu curso \u00e9 marcado pela disciplina e excel\u00eancia.<\/p>\n<p class=\"text-align-justify\">Para ingressar, \u00e9 necess\u00e1rio ser brasileiro nato, ter entre 18 e 23 anos, ser solteiro e sem filhos, al\u00e9m de ter conclu\u00eddo o Ensino M\u00e9dio. O processo seletivo inclui provas de conhecimentos gerais, inspe\u00e7\u00e3o de sa\u00fade e teste de aptid\u00e3o f\u00edsica, sendo aberto para homens e mulheres.<\/p>\n<p class=\"text-align-justify\">A Marinha possui muitas outras portas de entrada. As vagas, distribu\u00eddas pelos n\u00edveis fundamental, m\u00e9dio, m\u00e9dio t\u00e9cnico e superior, s\u00e3o voltadas para candidatos de 15 a 63 anos. As oportunidades abrangem concursos de carreira e processos seletivos para militares tempor\u00e1rios, que podem servir por at\u00e9 8 anos. Clique aqui e conhe\u00e7a todas as formas de ingresso.<\/p>\n<p>Fonte: Ag\u00eancia Marinha de Not\u00edcias<\/p>\n","protected":false},"excerpt":{"rendered":"<p>O \u00faltimo final de semana, foi dia de unir a pr\u00e1tica esportiva e o amor pelo mar. A Ba\u00eda de Guanabara foi palco de um&#8230;<\/p>\n","protected":false},"author":1527,"featured_media":54726,"comment_status":"closed","ping_status":"closed","sticky":false,"template":"","format":"standard","meta":{"footnotes":""},"categories":[6],"tags":[],"class_list":["post-54724","post","type-post","status-publish","format-standard","has-post-thumbnail","hentry","category-noticias"],"_links":{"self":[{"href":"https:\/\/www.sincomam.org.br\/index.php\/wp-json\/wp\/v2\/posts\/54724","targetHints":{"allow":["GET"]}}],"collection":[{"href":"https:\/\/www.sincomam.org.br\/index.php\/wp-json\/wp\/v2\/posts"}],"about":[{"href":"https:\/\/www.sincomam.org.br\/index.php\/wp-json\/wp\/v2\/types\/post"}],"author":[{"embeddable":true,"href":"https:\/\/www.sincomam.org.br\/index.php\/wp-json\/wp\/v2\/users\/1527"}],"replies":[{"embeddable":true,"href":"https:\/\/www.sincomam.org.br\/index.php\/wp-json\/wp\/v2\/comments?post=54724"}],"version-history":[{"count":1,"href":"https:\/\/www.sincomam.org.br\/index.php\/wp-json\/wp\/v2\/posts\/54724\/revisions"}],"predecessor-version":[{"id":54727,"href":"https:\/\/www.sincomam.org.br\/index.php\/wp-json\/wp\/v2\/posts\/54724\/revisions\/54727"}],"wp:featuredmedia":[{"embeddable":true,"href":"https:\/\/www.sincomam.org.br\/index.php\/wp-json\/wp\/v2\/media\/54726"}],"wp:attachment":[{"href":"https:\/\/www.sincomam.org.br\/index.php\/wp-json\/wp\/v2\/media?parent=54724"}],"wp:term":[{"taxonomy":"category","embeddable":true,"href":"https:\/\/www.sincomam.org.br\/index.php\/wp-json\/wp\/v2\/categories?post=54724"},{"taxonomy":"post_tag","embeddable":true,"href":"https:\/\/www.sincomam.org.br\/index.php\/wp-json\/wp\/v2\/tags?post=54724"}],"curies":[{"name":"wp","href":"https:\/\/api.w.org\/{rel}","templated":true}]}}