{"id":54700,"date":"2024-10-15T06:11:29","date_gmt":"2024-10-15T09:11:29","guid":{"rendered":"http:\/\/www.sincomam.org.br\/?p=54700"},"modified":"2024-10-15T06:11:29","modified_gmt":"2024-10-15T09:11:29","slug":"jbs-terminais-inicia-oficialmente-operacoes-no-porto-de-itajai","status":"publish","type":"post","link":"https:\/\/www.sincomam.org.br\/index.php\/jbs-terminais-inicia-oficialmente-operacoes-no-porto-de-itajai\/","title":{"rendered":"JBS Terminais inicia oficialmente opera\u00e7\u00f5es no Porto de Itaja\u00ed"},"content":{"rendered":"<p>O Porto de Itaja\u00ed (SC) iniciou oficialmente, na \u00faltima sexta-feira (11), as opera\u00e7\u00f5es da JBS Terminais com a atraca\u00e7\u00e3o do navio\u00a0<em>Maersk Lamanai<\/em>, de bandeira de Hong Kong. A embarca\u00e7\u00e3o de 300 metros de comprimento por 45,2 metros de largura, vinda do Porto de Paranagu\u00e1 (PR), atracou no ber\u00e7o 2 da \u00e1rea arrendada pela JBS Terminais \u00e0s 8h30. O navio, operado pela Seara e agenciado pela Maersk, seguiu viagem ao Porto de Santos (SP) ap\u00f3s completar as movimenta\u00e7\u00f5es de cargas refrigeradas.<\/p>\n<p>A JBS Terminais projeta a movimenta\u00e7\u00e3o de cerca de 58 mil TEUs por m\u00eas em Itaja\u00ed, superando a meta m\u00ednima de 44 mil TEUs estabelecida contratualmente. Com a autoriza\u00e7\u00e3o de alfandegamento emitida pela Receita Federal do Brasil no \u00faltimo dia 4 de outubro, a JBS Terminais est\u00e1 apta a realizar opera\u00e7\u00f5es em seus ber\u00e7os arrendados (1 e 2). Al\u00e9m disso, a empresa prev\u00ea a chegada de cinco linhas regulares de navios operados por armadores de longo curso e cabotagem, como MSC, Hapag-Lloyd, Sealead e Norcoast, fortalecendo ainda mais o com\u00e9rcio exterior, especialmente na exporta\u00e7\u00e3o de carnes congeladas, principal carga movimentada pelo terminal.<\/p>\n<p>A movimenta\u00e7\u00e3o de navios no Porto de Itaja\u00ed, que j\u00e1 havia come\u00e7ado na \u00e1rea p\u00fablica em parceria com SC Portos, foi intensificada com o in\u00edcio das opera\u00e7\u00f5es da JBS. Desde julho, sete navios operaram no porto p\u00fablico, e a expectativa \u00e9 que a retomada das atividades na \u00e1rea arrendada traga uma contribui\u00e7\u00e3o significativa para a economia local e regional, gerando novos empregos e impulsionando o com\u00e9rcio exterior.<\/p>\n<p>Fonte: Portos e Navios<\/p>\n","protected":false},"excerpt":{"rendered":"<p>O Porto de Itaja\u00ed (SC) iniciou oficialmente, na \u00faltima sexta-feira (11), as opera\u00e7\u00f5es da JBS Terminais com a atraca\u00e7\u00e3o do navio\u00a0Maersk Lamanai, de bandeira de&#8230;<\/p>\n","protected":false},"author":1527,"featured_media":54702,"comment_status":"closed","ping_status":"closed","sticky":false,"template":"","format":"standard","meta":{"footnotes":""},"categories":[6],"tags":[],"class_list":["post-54700","post","type-post","status-publish","format-standard","has-post-thumbnail","hentry","category-noticias"],"_links":{"self":[{"href":"https:\/\/www.sincomam.org.br\/index.php\/wp-json\/wp\/v2\/posts\/54700","targetHints":{"allow":["GET"]}}],"collection":[{"href":"https:\/\/www.sincomam.org.br\/index.php\/wp-json\/wp\/v2\/posts"}],"about":[{"href":"https:\/\/www.sincomam.org.br\/index.php\/wp-json\/wp\/v2\/types\/post"}],"author":[{"embeddable":true,"href":"https:\/\/www.sincomam.org.br\/index.php\/wp-json\/wp\/v2\/users\/1527"}],"replies":[{"embeddable":true,"href":"https:\/\/www.sincomam.org.br\/index.php\/wp-json\/wp\/v2\/comments?post=54700"}],"version-history":[{"count":1,"href":"https:\/\/www.sincomam.org.br\/index.php\/wp-json\/wp\/v2\/posts\/54700\/revisions"}],"predecessor-version":[{"id":54703,"href":"https:\/\/www.sincomam.org.br\/index.php\/wp-json\/wp\/v2\/posts\/54700\/revisions\/54703"}],"wp:featuredmedia":[{"embeddable":true,"href":"https:\/\/www.sincomam.org.br\/index.php\/wp-json\/wp\/v2\/media\/54702"}],"wp:attachment":[{"href":"https:\/\/www.sincomam.org.br\/index.php\/wp-json\/wp\/v2\/media?parent=54700"}],"wp:term":[{"taxonomy":"category","embeddable":true,"href":"https:\/\/www.sincomam.org.br\/index.php\/wp-json\/wp\/v2\/categories?post=54700"},{"taxonomy":"post_tag","embeddable":true,"href":"https:\/\/www.sincomam.org.br\/index.php\/wp-json\/wp\/v2\/tags?post=54700"}],"curies":[{"name":"wp","href":"https:\/\/api.w.org\/{rel}","templated":true}]}}