{"id":5468,"date":"2014-05-14T08:30:03","date_gmt":"2014-05-14T11:30:03","guid":{"rendered":"http:\/\/www.sincomam.org.br\/?p=5468"},"modified":"2014-05-13T23:26:35","modified_gmt":"2014-05-14T02:26:35","slug":"justica-determina-volta-de-70-dos-grevistas-rodoviarios-no-rio","status":"publish","type":"post","link":"https:\/\/www.sincomam.org.br\/index.php\/justica-determina-volta-de-70-dos-grevistas-rodoviarios-no-rio\/","title":{"rendered":"Justi\u00e7a determina volta de 70% dos grevistas rodovi\u00e1rios no Rio"},"content":{"rendered":"<p>A Justi\u00e7a do Trabalho do Rio concedeu liminar que determina retorno de pelo menos 70% do efetivo total de rodovi\u00e1rios no munic\u00edpio do Rio ao servi\u00e7o do transporte p\u00fablico municipal da cidade, sob pena de multa di\u00e1ria de R$ 50 mil, em caso de descumprimento. A liminar foi concedida a pedido do Sindicato das Empresas de \u00d4nibus da Cidade do Rio de Janeiro (Rio \u00d4nibus), devido \u00e0 paralisa\u00e7\u00e3o de 48 horas iniciada \u00e0 meia-noite desta ter\u00e7a-feira (13) por um grupo de rodovi\u00e1rios, que n\u00e3o concordaram com acordo estabelecido entre os sindicatos da categoria e patronal.<\/p>\n<p>O Rio \u00d4nibus representa quatro cons\u00f3rcios, Intersul, Internorte, Transcarioca e Santa Cruz, que somam as 43 empresas que operam no sistema de transporte coletivo na cidade do Rio de Janeiro. Segundo a vice-presidente do TRT\/RJ, desembargadora Maria das Gra\u00e7as Cabral Viegas Paranhos, o Rio \u00d4nibus alegou, em seu pedido, que o transporte coletivo \u00e9 considerado atividade essencial aos olhos da lei &#8211; sendo imprescind\u00edvel a comunica\u00e7\u00e3o pr\u00e9via de 72 horas. Na an\u00e1lise do sindicato, como tal n\u00e3o fora cumprido, a greve poderia ser considerada abusiva.<\/p>\n<p>A magistrada considerou que o direito de greve \u00e9 protegido pela constitui\u00e7\u00e3o, mas pediu percentual m\u00ednimo de retorno dos grevistas rodovi\u00e1rios, visto o transporte p\u00fablico do Rio ser considerado como servi\u00e7o essencial.<\/p>\n<p><strong>Sem garantia<\/strong><\/p>\n<p>O comando de greve dos rodovi\u00e1rios do munic\u00edpio do Rio de Janeiro n\u00e3o garantiu a volta ao trabalho amanh\u00e3 de pelo menos 70% dos motoristas e cobradores. Em coletiva de imprensa na sede da CSP-Conlutas, os grevistas anunciaram uma nova assembleia para quinta-feira, na Candel\u00e1ria, \u00e0s 15h.<\/p>\n<p>Os rodovi\u00e1rios do munic\u00edpio come\u00e7aram hoje uma paralisa\u00e7\u00e3o de 48 horas. Em nota divulgada mais cedo, o comando de greve informou que a paralisa\u00e7\u00e3o de hoje e amanh\u00e3 foi decidida depois de \u201ctentativas de negocia\u00e7\u00e3o frustradas pela instransig\u00eancia das empresas de \u00f4nibus\u201d.<\/p>\n<p>A greve foi decidida por um grupo de rodovi\u00e1rios que n\u00e3o concordou com acordo estabelecido entre os sindicatos da categoria e patronal. Os grevistas n\u00e3o aceitaram acordo de aumento de 10%, e reivindicam reajuste de 40%; mais aux\u00edlio alimenta\u00e7\u00e3o de R$ 400; e o fim da dupla fun\u00e7\u00e3o de motorista \u2013 em muitas linhas, eles exercem tamb\u00e9m a fun\u00e7\u00e3o de cobrador.<\/p>\n<p>Fonte: Valor &#8211; Alessandra Saraiva e Guilherme Serodio<br \/>Foto: Ag\u00eancia O Dia<\/p>\n","protected":false},"excerpt":{"rendered":"<p>A Justi\u00e7a do Trabalho do Rio concedeu liminar que determina retorno de pelo menos 70% do efetivo total de rodovi\u00e1rios no munic\u00edpio do Rio ao&#8230;<\/p>\n","protected":false},"author":1182,"featured_media":5469,"comment_status":"closed","ping_status":"closed","sticky":false,"template":"","format":"standard","meta":{"footnotes":""},"categories":[6],"tags":[244,145,1187,1077,59,1173],"class_list":["post-5468","post","type-post","status-publish","format-standard","has-post-thumbnail","hentry","category-noticias","tag-greve","tag-justica","tag-motoristas","tag-retorno","tag-rio-de-janeiro","tag-rodoviarios"],"_links":{"self":[{"href":"https:\/\/www.sincomam.org.br\/index.php\/wp-json\/wp\/v2\/posts\/5468","targetHints":{"allow":["GET"]}}],"collection":[{"href":"https:\/\/www.sincomam.org.br\/index.php\/wp-json\/wp\/v2\/posts"}],"about":[{"href":"https:\/\/www.sincomam.org.br\/index.php\/wp-json\/wp\/v2\/types\/post"}],"author":[{"embeddable":true,"href":"https:\/\/www.sincomam.org.br\/index.php\/wp-json\/wp\/v2\/users\/1182"}],"replies":[{"embeddable":true,"href":"https:\/\/www.sincomam.org.br\/index.php\/wp-json\/wp\/v2\/comments?post=5468"}],"version-history":[{"count":1,"href":"https:\/\/www.sincomam.org.br\/index.php\/wp-json\/wp\/v2\/posts\/5468\/revisions"}],"predecessor-version":[{"id":5470,"href":"https:\/\/www.sincomam.org.br\/index.php\/wp-json\/wp\/v2\/posts\/5468\/revisions\/5470"}],"wp:featuredmedia":[{"embeddable":true,"href":"https:\/\/www.sincomam.org.br\/index.php\/wp-json\/wp\/v2\/media\/5469"}],"wp:attachment":[{"href":"https:\/\/www.sincomam.org.br\/index.php\/wp-json\/wp\/v2\/media?parent=5468"}],"wp:term":[{"taxonomy":"category","embeddable":true,"href":"https:\/\/www.sincomam.org.br\/index.php\/wp-json\/wp\/v2\/categories?post=5468"},{"taxonomy":"post_tag","embeddable":true,"href":"https:\/\/www.sincomam.org.br\/index.php\/wp-json\/wp\/v2\/tags?post=5468"}],"curies":[{"name":"wp","href":"https:\/\/api.w.org\/{rel}","templated":true}]}}