{"id":54663,"date":"2024-10-11T10:35:28","date_gmt":"2024-10-11T13:35:28","guid":{"rendered":"http:\/\/www.sincomam.org.br\/?p=54663"},"modified":"2024-10-11T10:51:28","modified_gmt":"2024-10-11T13:51:28","slug":"marinha-do-brasil-india-e-africa-do-sul-iniciam-operacao-ibsamar-viii","status":"publish","type":"post","link":"https:\/\/www.sincomam.org.br\/index.php\/marinha-do-brasil-india-e-africa-do-sul-iniciam-operacao-ibsamar-viii\/","title":{"rendered":"Marinha do Brasil, \u00cdndia e \u00c1frica do Sul iniciam Opera\u00e7\u00e3o \u201cIBSAMAR VIII\u201d"},"content":{"rendered":"<p class=\"text-align-justify\">Com a atraca\u00e7\u00e3o da Fragata \u201cDefensora\u201d em Simon\u2019s Town, cidade portu\u00e1ria na \u00c1frica do Sul, a Marinha do Brasil deu in\u00edcio a Opera\u00e7\u00e3o \u201cIBSAMAR VIII\u201d. O Grupo-Tarefa brasileiro \u00e9 composto, al\u00e9m da Fragata, por sua aeronave org\u00e2nica AH-11B \u201cSuper Lynx\u201d e um Destacamento de Mergulhadores de Combate.<\/p>\n<p class=\"text-align-justify\">Participam do exerc\u00edcio combinado a Fragata indiana \u201cTalwar\u201d e a Fragata sul-africana \u201cAmatola\u201d, com suas aeronaves org\u00e2nicas e seus respectivos Destacamentos de Mergulhadores de Combate. Na 1\u00aa fase da Opera\u00e7\u00e3o, conclu\u00edda nessa quarta-feira (9), foram firmados compromissos diplom\u00e1ticos e realizadas reuni\u00f5es de planejamento entre as tr\u00eas Marinhas que contaram com a presen\u00e7a de autoridades locais e indianas, estreitando os la\u00e7os de amizade entre as Marinhas dos pa\u00edses participantes.<\/p>\n<p class=\"text-align-justify\">Durante os eventos da fase de porto, as delega\u00e7\u00f5es brasileiras e indianas foram recebidas pelas autoridades locais na Base Naval de Simon\u2019s Town, momento em que foi assinado o <em>Implementing Arrangement<\/em> pelo diretor da Opera\u00e7\u00e3o Combinada Capt S. M. Majozi (SA), pelo Adido de Defesa brasileiro na \u00c1frica do Sul e pelo Adido Naval da \u00cdndia. O documento tem como prop\u00f3sito criar procedimentos e definir responsabilidades entre os participantes da Opera\u00e7\u00e3o \u201cIBSAMAR VIII\u201d.<\/p>\n<figure><\/figure>\n<p class=\"text-align-justify\">Ainda nessa fase da Opera\u00e7\u00e3o, a Fragata \u201cDefensora\u201d recebeu as visitas protocolares do Comandante da Marinha da \u00c1frica do Sul, Vice-Almirante Monde Lobese e do Ministro Conselheiro da Embaixada do Brasil na \u00c1frica do Sul, Sr. Murilo Vieira Komniski, refor\u00e7ando a import\u00e2ncia da presen\u00e7a do Navio de Guerra brasileiro em territ\u00f3rio sul-africano e do incremento da coopera\u00e7\u00e3o entre os pa\u00edses participantes da \u201cIBSAMAR VIII\u201d.<\/p>\n<p class=\"text-align-justify\">Ap\u00f3s os eventos de coordena\u00e7\u00e3o e planejamento entre as tr\u00eas Marinhas, os Navios suspenderam, nesta quinta-feira (10), para a 2\u00aa Fase da Opera\u00e7\u00e3o, onde ser\u00e3o realizados exerc\u00edcios combinados no mar destacando-se manobras t\u00e1ticas entre os Navios, acionamento e abordagem do Grupo de Visita e Inspe\u00e7\u00e3o em conjunto com os Mergulhadores de Combate das Marinhas brasileira e indiana, tr\u00e2nsito sobre m\u00faltiplas amea\u00e7as, al\u00e9m de opera\u00e7\u00f5es a\u00e9reas com aeronaves dos pa\u00edses participantes do exerc\u00edcio combinado.<\/p>\n<p class=\"text-align-justify\">A \u201cIBSAMAR\u201d acontece a cada dois anos, desde 2008 (exceto 2020, em raz\u00e3o da pandemia de covid-19), revezando entre as costas da \u00cdndia e da \u00c1frica do Sul. Al\u00e9m da Fragata \u201cDefensora\u201d, tamb\u00e9m j\u00e1 representaram o Brasil nesse exerc\u00edcio as Fragatas \u201cIndepend\u00eancia\u201d e \u201cNiter\u00f3i\u201d, a Corveta \u201cBarroso\u201d e o Navio-Patrulha Oce\u00e2nico \u201cAmazonas\u201d.<\/p>\n<p>Fonte: Ag\u00eancia Marinha de Not\u00edcias<\/p>\n","protected":false},"excerpt":{"rendered":"<p>Com a atraca\u00e7\u00e3o da Fragata \u201cDefensora\u201d em Simon\u2019s Town, cidade portu\u00e1ria na \u00c1frica do Sul, a Marinha do Brasil deu in\u00edcio a Opera\u00e7\u00e3o \u201cIBSAMAR VIII\u201d&#8230;.<\/p>\n","protected":false},"author":1527,"featured_media":54665,"comment_status":"closed","ping_status":"closed","sticky":false,"template":"","format":"standard","meta":{"footnotes":""},"categories":[6],"tags":[],"class_list":["post-54663","post","type-post","status-publish","format-standard","has-post-thumbnail","hentry","category-noticias"],"_links":{"self":[{"href":"https:\/\/www.sincomam.org.br\/index.php\/wp-json\/wp\/v2\/posts\/54663","targetHints":{"allow":["GET"]}}],"collection":[{"href":"https:\/\/www.sincomam.org.br\/index.php\/wp-json\/wp\/v2\/posts"}],"about":[{"href":"https:\/\/www.sincomam.org.br\/index.php\/wp-json\/wp\/v2\/types\/post"}],"author":[{"embeddable":true,"href":"https:\/\/www.sincomam.org.br\/index.php\/wp-json\/wp\/v2\/users\/1527"}],"replies":[{"embeddable":true,"href":"https:\/\/www.sincomam.org.br\/index.php\/wp-json\/wp\/v2\/comments?post=54663"}],"version-history":[{"count":1,"href":"https:\/\/www.sincomam.org.br\/index.php\/wp-json\/wp\/v2\/posts\/54663\/revisions"}],"predecessor-version":[{"id":54666,"href":"https:\/\/www.sincomam.org.br\/index.php\/wp-json\/wp\/v2\/posts\/54663\/revisions\/54666"}],"wp:featuredmedia":[{"embeddable":true,"href":"https:\/\/www.sincomam.org.br\/index.php\/wp-json\/wp\/v2\/media\/54665"}],"wp:attachment":[{"href":"https:\/\/www.sincomam.org.br\/index.php\/wp-json\/wp\/v2\/media?parent=54663"}],"wp:term":[{"taxonomy":"category","embeddable":true,"href":"https:\/\/www.sincomam.org.br\/index.php\/wp-json\/wp\/v2\/categories?post=54663"},{"taxonomy":"post_tag","embeddable":true,"href":"https:\/\/www.sincomam.org.br\/index.php\/wp-json\/wp\/v2\/tags?post=54663"}],"curies":[{"name":"wp","href":"https:\/\/api.w.org\/{rel}","templated":true}]}}