{"id":54652,"date":"2024-10-11T06:49:11","date_gmt":"2024-10-11T09:49:11","guid":{"rendered":"http:\/\/www.sincomam.org.br\/?p=54652"},"modified":"2024-10-10T23:52:27","modified_gmt":"2024-10-11T02:52:27","slug":"antaq-integra-grupo-de-trabalho-sobre-adaptacao-de-vias-interiores-aos-impactos-climaticos","status":"publish","type":"post","link":"https:\/\/www.sincomam.org.br\/index.php\/antaq-integra-grupo-de-trabalho-sobre-adaptacao-de-vias-interiores-aos-impactos-climaticos\/","title":{"rendered":"ANTAQ integra grupo de trabalho sobre adapta\u00e7\u00e3o de vias interiores aos impactos clim\u00e1ticos"},"content":{"rendered":"<p dir=\"ltr\">A Ag\u00eancia Nacional de Transportes Aquavi\u00e1rios (ANTAQ) participa de um grupo de trabalho voltado \u00e0 elabora\u00e7\u00e3o do Guia para Adapta\u00e7\u00e3o de Vias Interiores aos Impactos das Mudan\u00e7as Clim\u00e1ticas. A a\u00e7\u00e3o tem como objetivo definir diretrizes e solu\u00e7\u00f5es para que as organiza\u00e7\u00f5es de navega\u00e7\u00e3o se preparem para os efeitos das mudan\u00e7as clim\u00e1ticas.<\/p>\n<p>O guia buscar\u00e1 reunir as principais pr\u00e1ticas e estrat\u00e9gias de adapta\u00e7\u00e3o, com foco na capacidade de resposta dos sistemas de navega\u00e7\u00e3o interior. A proposta \u00e9 que essas medidas garantam a continuidade e seguran\u00e7a das opera\u00e7\u00f5es, mesmo diante de fen\u00f4menos clim\u00e1ticos como secas ou inunda\u00e7\u00f5es.<\/p>\n<p>A ANTAQ desenvolve esse trabalho em parceria com a Associa\u00e7\u00e3o Mundial de Infraestrutura de Transporte Aquavi\u00e1rio (PIANC). Durante o Encontro Nacional de Autoridades Portu\u00e1rias e Hidrovi\u00e1rias (ENAPH), no F\u00f3rum Brasil Export, o diretor-geral, Eduardo Nery, destacou a relev\u00e2ncia da coopera\u00e7\u00e3o internacional para a cria\u00e7\u00e3o de solu\u00e7\u00f5es aplic\u00e1veis ao setor no Brasil.<\/p>\n<p dir=\"ltr\">Nery tamb\u00e9m esteve presente na abertura do evento e, nesta quinta-feira (10), participou do painel \u201cPanorama das Concess\u00f5es de Hidrovias\u201d, onde apresentou o projeto de licita\u00e7\u00e3o da Hidrovia do Rio Madeira, alinhado \u00e0s metas de moderniza\u00e7\u00e3o da infraestrutura hidrovi\u00e1ria nacional.<\/p>\n<p dir=\"ltr\">Fonte: Antaq<\/p>\n","protected":false},"excerpt":{"rendered":"<p>A Ag\u00eancia Nacional de Transportes Aquavi\u00e1rios (ANTAQ) participa de um grupo de trabalho voltado \u00e0 elabora\u00e7\u00e3o do Guia para Adapta\u00e7\u00e3o de Vias Interiores aos Impactos&#8230;<\/p>\n","protected":false},"author":1527,"featured_media":54654,"comment_status":"closed","ping_status":"closed","sticky":false,"template":"","format":"standard","meta":{"footnotes":""},"categories":[6],"tags":[],"class_list":["post-54652","post","type-post","status-publish","format-standard","has-post-thumbnail","hentry","category-noticias"],"_links":{"self":[{"href":"https:\/\/www.sincomam.org.br\/index.php\/wp-json\/wp\/v2\/posts\/54652","targetHints":{"allow":["GET"]}}],"collection":[{"href":"https:\/\/www.sincomam.org.br\/index.php\/wp-json\/wp\/v2\/posts"}],"about":[{"href":"https:\/\/www.sincomam.org.br\/index.php\/wp-json\/wp\/v2\/types\/post"}],"author":[{"embeddable":true,"href":"https:\/\/www.sincomam.org.br\/index.php\/wp-json\/wp\/v2\/users\/1527"}],"replies":[{"embeddable":true,"href":"https:\/\/www.sincomam.org.br\/index.php\/wp-json\/wp\/v2\/comments?post=54652"}],"version-history":[{"count":2,"href":"https:\/\/www.sincomam.org.br\/index.php\/wp-json\/wp\/v2\/posts\/54652\/revisions"}],"predecessor-version":[{"id":54656,"href":"https:\/\/www.sincomam.org.br\/index.php\/wp-json\/wp\/v2\/posts\/54652\/revisions\/54656"}],"wp:featuredmedia":[{"embeddable":true,"href":"https:\/\/www.sincomam.org.br\/index.php\/wp-json\/wp\/v2\/media\/54654"}],"wp:attachment":[{"href":"https:\/\/www.sincomam.org.br\/index.php\/wp-json\/wp\/v2\/media?parent=54652"}],"wp:term":[{"taxonomy":"category","embeddable":true,"href":"https:\/\/www.sincomam.org.br\/index.php\/wp-json\/wp\/v2\/categories?post=54652"},{"taxonomy":"post_tag","embeddable":true,"href":"https:\/\/www.sincomam.org.br\/index.php\/wp-json\/wp\/v2\/tags?post=54652"}],"curies":[{"name":"wp","href":"https:\/\/api.w.org\/{rel}","templated":true}]}}