{"id":54644,"date":"2024-10-11T06:40:50","date_gmt":"2024-10-11T09:40:50","guid":{"rendered":"http:\/\/www.sincomam.org.br\/?p=54644"},"modified":"2024-10-10T23:44:23","modified_gmt":"2024-10-11T02:44:23","slug":"ministerio-da-defesa-investe-na-expansao-da-base-industrial-de-defesa","status":"publish","type":"post","link":"https:\/\/www.sincomam.org.br\/index.php\/ministerio-da-defesa-investe-na-expansao-da-base-industrial-de-defesa\/","title":{"rendered":"Minist\u00e9rio da Defesa investe na expans\u00e3o da Base Industrial de Defesa"},"content":{"rendered":"<p class=\"text-align-justify\">Acordo firmado nesta ter\u00e7a-feira (8) entre o Minist\u00e9rio da Defesa (MD) e a Confedera\u00e7\u00e3o Nacional da Ind\u00fastria (CNI) promete fortalecer a Base Industrial de Defesa. Esta responde, atualmente, por 3,58% do Produto Interno Bruto (PIB) e por 2,9 milh\u00f5es de empregos diretos e indiretos gerados no Brasil, segundo dados do Observat\u00f3rio Nacional da Ind\u00fastria. Nestes n\u00fameros, est\u00e3o inclu\u00eddas as 252 empresas de defesa e estrat\u00e9gicas de defesa cadastradas no MD e outras que atuam no mesmo segmento. Em outubro, as exporta\u00e7\u00f5es autorizadas de produtos de defesa alcan\u00e7aram a cifra de US$ 1,6 bilh\u00e3o, o equivalente a R$ 8,8 milh\u00f5es.<\/p>\n<p class=\"text-align-justify\">O compromisso, que ter\u00e1 vig\u00eancia de seis anos, possibilitar\u00e1 monitorar cen\u00e1rios nacionais e internacionais relacionados a or\u00e7amento, financiamento, impactos econ\u00f4mico e social, tecnologia \u00a0e inova\u00e7\u00e3o. Permitir\u00e1, ainda, identificar necessidades e oportunidades para o desenvolvimento do setor. \u201cH\u00e1 muito espa\u00e7o para o desenvolvimento e expans\u00e3o da ind\u00fastria brasileira de defesa nas \u00e1reas de ciberseguran\u00e7a, sat\u00e9lites e aeroespacial. S\u00e3o setores estrat\u00e9gicos para o pa\u00eds e para nossa soberania\u201d, acredita o Presidente da CNI, Ricardo Alban.<\/p>\n<p class=\"text-align-justify\">Para o Ministro da Defesa, Jos\u00e9 Mucio Monteiro, os dados acrescentar\u00e3o consist\u00eancia \u00e0s demandas das For\u00e7as Armadas, que segundo ele, sofreram um retrocesso de 47% nos investimentos e precisam de previsibilidade or\u00e7ament\u00e1ria para dar continuidade aos seus programas estrat\u00e9gicos. \u201cN\u00f3s n\u00e3o podemos assumir nenhum neg\u00f3cio, porque eu n\u00e3o posso aceitar nenhuma presta\u00e7\u00e3o\u201d, disse na ocasi\u00e3o. Jos\u00e9 Mucio tamb\u00e9m defendeu que a iniciativa ir\u00e1 contribuir para aumentar a compreens\u00e3o da sociedade sobre o papel dessa ind\u00fastria para o Pa\u00eds.<\/p>\n<p class=\"text-align-justify\">Programas estrat\u00e9gicos da Marinha, como o de Submarinos e o das Fragatas Classe \u201cTamandar\u00e9\u201d fomentam n\u00e3o apenas o setor de defesa, mas os de eletr\u00f4nica, mec\u00e2nica (fina e pesada), eletromec\u00e2nica, qu\u00edmica, naval. Al\u00e9m de mais de 60 mil novos postos de trabalho, eles promovem arrasto tecnol\u00f3gico. \u00c9 o caso das pesquisas no campo da energia nuclear, que resultam em avan\u00e7os na produ\u00e7\u00e3o de radiois\u00f3topos, empregados na fabrica\u00e7\u00e3o de medicamentos para doen\u00e7as card\u00edacas, oncol\u00f3gicas, hematol\u00f3gicas e neurol\u00f3gicas.<\/p>\n<p class=\"text-align-justify\">\u201cUm dos maiores desafios da atualidade \u00e9 saber gerenciar uma quantidade muito grande de informa\u00e7\u00f5es, a fim de subsidiar decis\u00f5es. Essa parceria com a CNI est\u00e1 criando uma inova\u00e7\u00e3o ao focar nesse nicho espec\u00edfico da defesa. Esses dados, \u00e0 medida que forem trabalhados para gerar informa\u00e7\u00f5es estrat\u00e9gicas, poder\u00e3o servir como base para as decis\u00f5es do alto Comando da Marinha e das demais For\u00e7as, principalmente relacionadas \u00e0 condu\u00e7\u00e3o dos atuais programas estrat\u00e9gicos diante da atual conjuntura de restri\u00e7\u00f5es or\u00e7ament\u00e1rias\u201d, explica o Diretor do Departamento de Financiamentos e Economia de Defesa do MD, Contra-Almirante (Intendente da Marinha) Ricardo Yukio Iamaguchi.<\/p>\n<p>Fonte: Ag\u00eancia Marinha de Not\u00edcias<\/p>\n","protected":false},"excerpt":{"rendered":"<p>Acordo firmado nesta ter\u00e7a-feira (8) entre o Minist\u00e9rio da Defesa (MD) e a Confedera\u00e7\u00e3o Nacional da Ind\u00fastria (CNI) promete fortalecer a Base Industrial de Defesa&#8230;.<\/p>\n","protected":false},"author":1527,"featured_media":54646,"comment_status":"closed","ping_status":"closed","sticky":false,"template":"","format":"standard","meta":{"footnotes":""},"categories":[6],"tags":[],"class_list":["post-54644","post","type-post","status-publish","format-standard","has-post-thumbnail","hentry","category-noticias"],"_links":{"self":[{"href":"https:\/\/www.sincomam.org.br\/index.php\/wp-json\/wp\/v2\/posts\/54644","targetHints":{"allow":["GET"]}}],"collection":[{"href":"https:\/\/www.sincomam.org.br\/index.php\/wp-json\/wp\/v2\/posts"}],"about":[{"href":"https:\/\/www.sincomam.org.br\/index.php\/wp-json\/wp\/v2\/types\/post"}],"author":[{"embeddable":true,"href":"https:\/\/www.sincomam.org.br\/index.php\/wp-json\/wp\/v2\/users\/1527"}],"replies":[{"embeddable":true,"href":"https:\/\/www.sincomam.org.br\/index.php\/wp-json\/wp\/v2\/comments?post=54644"}],"version-history":[{"count":1,"href":"https:\/\/www.sincomam.org.br\/index.php\/wp-json\/wp\/v2\/posts\/54644\/revisions"}],"predecessor-version":[{"id":54647,"href":"https:\/\/www.sincomam.org.br\/index.php\/wp-json\/wp\/v2\/posts\/54644\/revisions\/54647"}],"wp:featuredmedia":[{"embeddable":true,"href":"https:\/\/www.sincomam.org.br\/index.php\/wp-json\/wp\/v2\/media\/54646"}],"wp:attachment":[{"href":"https:\/\/www.sincomam.org.br\/index.php\/wp-json\/wp\/v2\/media?parent=54644"}],"wp:term":[{"taxonomy":"category","embeddable":true,"href":"https:\/\/www.sincomam.org.br\/index.php\/wp-json\/wp\/v2\/categories?post=54644"},{"taxonomy":"post_tag","embeddable":true,"href":"https:\/\/www.sincomam.org.br\/index.php\/wp-json\/wp\/v2\/tags?post=54644"}],"curies":[{"name":"wp","href":"https:\/\/api.w.org\/{rel}","templated":true}]}}