{"id":54591,"date":"2024-10-09T08:37:23","date_gmt":"2024-10-09T11:37:23","guid":{"rendered":"http:\/\/www.sincomam.org.br\/?p=54591"},"modified":"2024-10-09T08:37:23","modified_gmt":"2024-10-09T11:37:23","slug":"governo-concede-auxilio-a-pescadores-afetados-por-seca-na-regiao-norte","status":"publish","type":"post","link":"https:\/\/www.sincomam.org.br\/index.php\/governo-concede-auxilio-a-pescadores-afetados-por-seca-na-regiao-norte\/","title":{"rendered":"Governo concede aux\u00edlio a pescadores afetados por seca na Regi\u00e3o Norte"},"content":{"rendered":"<p>Cerca de 100 mil pescadores prejudicados pela seca na Regi\u00e3o Norte do pa\u00eds v\u00e3o contar com um\u00a0aux\u00edlio de R$ 2.824. O valor ser\u00e1 destinado em parcela \u00fanica, assim que for regularizado nas pr\u00f3ximas semanas o cr\u00e9dito extraordin\u00e1rio concedido pelo governo federal. A decis\u00e3o foi publicada nessa segunda-feira\u00a0(7) no\u00a0<em>Di\u00e1rio Oficial da Uni\u00e3o<\/em>.<img decoding=\"async\" src=\"https:\/\/agenciabrasil.ebc.com.br\/ebc.png?id=1614826&amp;o=node\" \/><img decoding=\"async\" src=\"https:\/\/agenciabrasil.ebc.com.br\/ebc.gif?id=1614826&amp;o=node\" \/><\/p>\n<p>Os pescadores beneficiados somam, aproximadamente, 100 mil, espalhados pela cidades que decretaram calamidade p\u00fablica ou de emerg\u00eancia por causa da estiagem.<\/p>\n<p>A Medida Provis\u00f3ria\u00a0n\u00ba 1.263 dessa segunda-feira \u201cinstitui o aux\u00edlio extraordin\u00e1rio destinado a pescadoras e pescadores profissionais artesanais benefici\u00e1rios do Seguro-Desemprego do Pescador Artesanal &#8211; Seguro-Defeso cadastrados em munic\u00edpios da Regi\u00e3o Norte\u201d.<\/p>\n<p>Agora, no prazo de cinco dias, o Minist\u00e9rio da Integra\u00e7\u00e3o e do Desenvolvimento Regional vai encaminhar a lista dos munic\u00edpios atingidos pela seca e que abrigam os benefici\u00e1rios. O Instituto Nacional do Seguro Social (INSS), por sua vez, deve elaborar a rela\u00e7\u00e3o dos benefici\u00e1rios e a data para recebimento dos recursos.<\/p>\n<p>No m\u00eas passado, o presidente Luiz In\u00e1cio Lula da Silva visitou a regi\u00e3o\u00a0com uma comitiva de ministros. Na ocasi\u00e3o, anunciou o \u201ccompromisso\u201d de\u00a0ajudar a popula\u00e7\u00e3o local, em\u00a0entrevista \u00e0 R\u00e1dio Norte FM: \u201cVoltei de l\u00e1 com o compromisso que cuidar daquele povo, tamb\u00e9m \u00e9 minha responsabilidade. Eu fui l\u00e1 para enxergar mulheres, homens e crian\u00e7as\u201d.<\/p>\n<p>Fonte: Ag\u00eancia Brasil<\/p>\n","protected":false},"excerpt":{"rendered":"<p>Cerca de 100 mil pescadores prejudicados pela seca na Regi\u00e3o Norte do pa\u00eds v\u00e3o contar com um\u00a0aux\u00edlio de R$ 2.824. O valor ser\u00e1 destinado em&#8230;<\/p>\n","protected":false},"author":1527,"featured_media":54593,"comment_status":"closed","ping_status":"closed","sticky":false,"template":"","format":"standard","meta":{"footnotes":""},"categories":[6],"tags":[],"class_list":["post-54591","post","type-post","status-publish","format-standard","has-post-thumbnail","hentry","category-noticias"],"_links":{"self":[{"href":"https:\/\/www.sincomam.org.br\/index.php\/wp-json\/wp\/v2\/posts\/54591","targetHints":{"allow":["GET"]}}],"collection":[{"href":"https:\/\/www.sincomam.org.br\/index.php\/wp-json\/wp\/v2\/posts"}],"about":[{"href":"https:\/\/www.sincomam.org.br\/index.php\/wp-json\/wp\/v2\/types\/post"}],"author":[{"embeddable":true,"href":"https:\/\/www.sincomam.org.br\/index.php\/wp-json\/wp\/v2\/users\/1527"}],"replies":[{"embeddable":true,"href":"https:\/\/www.sincomam.org.br\/index.php\/wp-json\/wp\/v2\/comments?post=54591"}],"version-history":[{"count":1,"href":"https:\/\/www.sincomam.org.br\/index.php\/wp-json\/wp\/v2\/posts\/54591\/revisions"}],"predecessor-version":[{"id":54594,"href":"https:\/\/www.sincomam.org.br\/index.php\/wp-json\/wp\/v2\/posts\/54591\/revisions\/54594"}],"wp:featuredmedia":[{"embeddable":true,"href":"https:\/\/www.sincomam.org.br\/index.php\/wp-json\/wp\/v2\/media\/54593"}],"wp:attachment":[{"href":"https:\/\/www.sincomam.org.br\/index.php\/wp-json\/wp\/v2\/media?parent=54591"}],"wp:term":[{"taxonomy":"category","embeddable":true,"href":"https:\/\/www.sincomam.org.br\/index.php\/wp-json\/wp\/v2\/categories?post=54591"},{"taxonomy":"post_tag","embeddable":true,"href":"https:\/\/www.sincomam.org.br\/index.php\/wp-json\/wp\/v2\/tags?post=54591"}],"curies":[{"name":"wp","href":"https:\/\/api.w.org\/{rel}","templated":true}]}}