{"id":54583,"date":"2024-10-09T08:34:13","date_gmt":"2024-10-09T11:34:13","guid":{"rendered":"http:\/\/www.sincomam.org.br\/?p=54583"},"modified":"2024-10-09T08:34:13","modified_gmt":"2024-10-09T11:34:13","slug":"navio-que-colidiu-com-a-ponte-rio-niteroi-deixa-porto-do-rio-apos-dois-anos-e-vai-para-a-turquia","status":"publish","type":"post","link":"https:\/\/www.sincomam.org.br\/index.php\/navio-que-colidiu-com-a-ponte-rio-niteroi-deixa-porto-do-rio-apos-dois-anos-e-vai-para-a-turquia\/","title":{"rendered":"Navio que colidiu com a Ponte Rio-Niter\u00f3i deixa Porto do Rio ap\u00f3s dois anos e vai para a Turquia"},"content":{"rendered":"<p>O\u00a0<strong>graneleiro S\u00e3o Luiz<\/strong>, que colidiu com a Ponte Rio-Niter\u00f3i em novembro de 2022, est\u00e1 prestes a deixar o Porto do Rio de Janeiro ap\u00f3s quase dois anos atracado. Rebatizado de NM Luiz, o navio zarpa nesta quarta-feira rumo \u00e0 Turquia.<\/p>\n<p>Imobilizado devido a um imbr\u00f3glio jur\u00eddico entre sua antiga propriet\u00e1ria, a Navega\u00e7\u00e3o Mansur, e seus credores, o S\u00e3o Luiz foi leiloado em fevereiro. O navio foi comprado por R$ 6,2 milh\u00f5es pelo armador turco Rota Shipping.<\/p>\n<p>A opera\u00e7\u00e3o de sa\u00edda do NM Luiz j\u00e1 est\u00e1 definida pela PortosRio e pela Praticagem-RJ. A manobra, que ser\u00e1 realizada durante o dia, contar\u00e1 com a mobiliza\u00e7\u00e3o de pelo menos quatro rebocadores e equipes especializadas. O tr\u00e1fego no Canal de Acesso ao Cais Comercial do Porto do Rio ser\u00e1 temporariamente interrompido para a passagem do navio, que seguir\u00e1 viagem escoltado por rebocadores oce\u00e2nicos.<\/p>\n<p>Ainda permanece pendente a quest\u00e3o do pagamento das despesas de estadia do navio no Porto do Rio de Janeiro. A PortosRio afirma que os custos acumulados antes da venda ser\u00e3o cobrados da Navega\u00e7\u00e3o Mansur, enquanto os gastos posteriores \u00e0 aquisi\u00e7\u00e3o s\u00e3o de responsabilidade da Rota Shipping.<\/p>\n<p>Fonte: O Globo<\/p>\n","protected":false},"excerpt":{"rendered":"<p>O\u00a0graneleiro S\u00e3o Luiz, que colidiu com a Ponte Rio-Niter\u00f3i em novembro de 2022, est\u00e1 prestes a deixar o Porto do Rio de Janeiro ap\u00f3s quase&#8230;<\/p>\n","protected":false},"author":1527,"featured_media":54585,"comment_status":"closed","ping_status":"closed","sticky":false,"template":"","format":"standard","meta":{"footnotes":""},"categories":[6],"tags":[],"class_list":["post-54583","post","type-post","status-publish","format-standard","has-post-thumbnail","hentry","category-noticias"],"_links":{"self":[{"href":"https:\/\/www.sincomam.org.br\/index.php\/wp-json\/wp\/v2\/posts\/54583","targetHints":{"allow":["GET"]}}],"collection":[{"href":"https:\/\/www.sincomam.org.br\/index.php\/wp-json\/wp\/v2\/posts"}],"about":[{"href":"https:\/\/www.sincomam.org.br\/index.php\/wp-json\/wp\/v2\/types\/post"}],"author":[{"embeddable":true,"href":"https:\/\/www.sincomam.org.br\/index.php\/wp-json\/wp\/v2\/users\/1527"}],"replies":[{"embeddable":true,"href":"https:\/\/www.sincomam.org.br\/index.php\/wp-json\/wp\/v2\/comments?post=54583"}],"version-history":[{"count":1,"href":"https:\/\/www.sincomam.org.br\/index.php\/wp-json\/wp\/v2\/posts\/54583\/revisions"}],"predecessor-version":[{"id":54586,"href":"https:\/\/www.sincomam.org.br\/index.php\/wp-json\/wp\/v2\/posts\/54583\/revisions\/54586"}],"wp:featuredmedia":[{"embeddable":true,"href":"https:\/\/www.sincomam.org.br\/index.php\/wp-json\/wp\/v2\/media\/54585"}],"wp:attachment":[{"href":"https:\/\/www.sincomam.org.br\/index.php\/wp-json\/wp\/v2\/media?parent=54583"}],"wp:term":[{"taxonomy":"category","embeddable":true,"href":"https:\/\/www.sincomam.org.br\/index.php\/wp-json\/wp\/v2\/categories?post=54583"},{"taxonomy":"post_tag","embeddable":true,"href":"https:\/\/www.sincomam.org.br\/index.php\/wp-json\/wp\/v2\/tags?post=54583"}],"curies":[{"name":"wp","href":"https:\/\/api.w.org\/{rel}","templated":true}]}}