{"id":54572,"date":"2024-10-08T09:22:30","date_gmt":"2024-10-08T12:22:30","guid":{"rendered":"http:\/\/www.sincomam.org.br\/?p=54572"},"modified":"2024-10-08T09:22:30","modified_gmt":"2024-10-08T12:22:30","slug":"governo-quer-encerrar-saque-aniversario-e-usar-multa-de-40-do-fgts-como-garantia-no-consignado","status":"publish","type":"post","link":"https:\/\/www.sincomam.org.br\/index.php\/governo-quer-encerrar-saque-aniversario-e-usar-multa-de-40-do-fgts-como-garantia-no-consignado\/","title":{"rendered":"Governo quer encerrar saque-anivers\u00e1rio e usar multa de 40% do FGTS como garantia no consignado"},"content":{"rendered":"<div id=\"chunk-1l39r\">\n<div class=\"mc-column content-text active-extra-styles active-capital-letter\" data-block-type=\"unstyled\" data-block-weight=\"54\" data-block-id=\"1\">\n<p class=\" content-text__container theme-color-primary-first-letter\" data-track-category=\"Link no Texto\" data-track-links=\"\" data-mrf-recirculation=\"Article links\">O governo pretende enviar ainda neste ano ao Legislativo uma\u00a0proposta para acabar com o saque anivers\u00e1rio do Fundo de Garantia por Tempo de Servi\u00e7o e para alterar as regras do empr\u00e9stimo consignado (com desconto nas folhas de pagamento) ao setor privado, incluindo o uso da multa rescis\u00f3ria de 40% dos trabalhadores como garantia.<\/p>\n<\/div>\n<\/div>\n<div class=\"wall protected-content\">\n<div id=\"chunk-7f3mh\">\n<div class=\"mc-column content-text active-extra-styles \" data-block-type=\"unstyled\" data-block-weight=\"49\" data-block-id=\"3\">\n<p class=\" content-text__container \" data-track-category=\"Link no Texto\" data-track-links=\"\" data-mrf-recirculation=\"Article links\">A expectativa, segundo o ministro interino do Trabalho, Francisco Macena, \u00e9 que o consignado ao setor privado, com contrata\u00e7\u00e3o facilitada e mais garantias, substitua a linha de cr\u00e9dito que os bancos ofertam atualmente na antecipa\u00e7\u00e3o do saque anivers\u00e1rio do FGTS \u2014 que o Minist\u00e9rio do Trabalho quer extinguir.<\/p>\n<\/div>\n<\/div>\n<div id=\"chunk-fvcer\">\n<div class=\"mc-column content-text active-extra-styles \" data-block-type=\"unstyled\" data-block-weight=\"36\" data-block-id=\"4\">\n<p class=\" content-text__container \" data-track-category=\"Link no Texto\" data-track-links=\"\" data-mrf-recirculation=\"Article links\">Essa\u00a0<span class=\"highlight highlighted\">linha de cr\u00e9dito, com a cobran\u00e7a de juros pelos bancos, \u00e9 usada quando os trabalhadores buscam antecipar as parcelas do saque anivers\u00e1rio dos pr\u00f3ximos anos, dando como garantia o valor a que t\u00eam direito anualmente.<\/span><\/p>\n<p data-track-category=\"Link no Texto\" data-track-links=\"\" data-mrf-recirculation=\"Article links\">Para ter validade, a proposta, que ainda n\u00e3o foi formalmente apresentada, precisa ser aprovada pelo Congresso Nacional.<\/p>\n<div id=\"chunk-78fmm\">\n<div class=\"mc-column content-text active-extra-styles \" data-block-type=\"unstyled\" data-block-weight=\"18\" data-block-id=\"8\">\n<p class=\" content-text__container \" data-track-category=\"Link no Texto\" data-track-links=\"\" data-mrf-recirculation=\"Article links\">O governo trabalha para que essa modalidade esteja dispon\u00edvel aos trabalhadores no primeiro semestre do ano que vem.<\/p>\n<\/div>\n<\/div>\n<div id=\"chunk-f6nc\">\n<div class=\"mc-column content-text active-extra-styles \" data-block-type=\"unstyled\" data-block-weight=\"31\" data-block-id=\"9\">\n<p class=\" content-text__container \" data-track-category=\"Link no Texto\" data-track-links=\"\" data-mrf-recirculation=\"Article links\">Pela projeto do governo, os\u00a0<span class=\"highlight highlighted\">empregados da iniciativa privada poder\u00e3o comprometer at\u00e9 35% de sua remunera\u00e7\u00e3o bruta mensal, o que inclui benef\u00edcios, abonos e comiss\u00f5es, com o novo modelo de consignado.<\/span><\/p>\n<\/div>\n<\/div>\n<div id=\"chunk-8kgon\">\n<div class=\"mc-column content-text active-extra-styles \" data-block-type=\"unstyled\" data-block-weight=\"40\" data-block-id=\"10\">\n<p class=\" content-text__container \" data-track-category=\"Link no Texto\" data-track-links=\"\" data-mrf-recirculation=\"Article links\">O FGTS \u00e9 direito de toda pessoa com contrato de trabalho formal, trabalhadores dom\u00e9sticos, rurais, tempor\u00e1rios, intermitentes, avulsos, safreiros e atletas profissionais. Trata-se de um valor de 8% do sal\u00e1rio que \u00e9 depositado pelo empregador, mensalmente, em nome do funcion\u00e1rio.<\/p>\n<\/div>\n<\/div>\n<div id=\"chunk-9lqvq\">\n<div class=\"mc-column content-text active-extra-styles \" data-block-type=\"unstyled\" data-block-weight=\"38\" data-block-id=\"11\">\n<p class=\" content-text__container \" data-track-category=\"Link no Texto\" data-track-links=\"\" data-mrf-recirculation=\"Article links\">O saque do FGTS \u00e9 permitido em situa\u00e7\u00f5es espec\u00edficas estabelecidas por lei, como demiss\u00e3o por justa causa, compra da casa pr\u00f3pria e doen\u00e7a grave do trabalhador ou de seu dependente. Quem optou pelo saque anivers\u00e1rio, tem regras diferentes.<\/p>\n<div id=\"chunk-27i3o\">\n<div class=\"mc-column content-text active-extra-styles\" data-block-type=\"raw\" data-block-weight=\"2\" data-block-id=\"15\">\n<div class=\"content-intertitle\">\n<h2>Mais garantias<\/h2>\n<\/div>\n<p>O ministro interino do Trabalho explicou que a estrat\u00e9gia do governo para baixar a taxa de juros do consignado ao setor privado \u00e9 ampliar as garantias, <span class=\"highlight highlighted\">que passar\u00e3o a englobar a multa rescis\u00f3ria de 40% do FGTS nas demiss\u00f5es sem justa causa, e, tamb\u00e9m, uma parte dos recursos que o empregado tem no fundo (percentual ainda n\u00e3o definido).\u00a0<\/span>Ou seja, no caso de demiss\u00e3o, os trabalhadores deixariam de receber esses recursos para pagar os empr\u00e9stimos.<\/p>\n<\/div>\n<\/div>\n<div id=\"chunk-f6co9\">\n<div class=\"mc-column content-text active-extra-styles \" data-block-type=\"unstyled\" data-block-weight=\"60\" data-block-id=\"17\">\n<p class=\" content-text__container \" data-track-category=\"Link no Texto\" data-track-links=\"\" data-mrf-recirculation=\"Article links\">Se a multa rescis\u00f3ria e parte dos recursos do FGTS ainda n\u00e3o forem suficientes para cobrir o valor do empr\u00e9stimo contra\u00eddo nos bancos,<span class=\"highlight highlighted\">\u00a0<\/span><span class=\"highlight highlighted\">a parte que falta ficar\u00e1 em suspenso<\/span>\u00a0at\u00e9 o trabalhador encontrar um novo emprego, e voltar\u00e1 a ser cobrada posteriormente em presta\u00e7\u00f5es mensais.\u00a0<span class=\"highlight highlighted\">\u00c9 a chamada &#8220;portabilidade&#8221; do consignado, sobre a qual incidir\u00e1 juros e corre\u00e7\u00e3o monet\u00e1ria.<\/span><\/p>\n<\/div>\n<\/div>\n<div id=\"chunk-ain4h\">\n<div class=\"mc-column content-text active-extra-styles \" data-block-type=\"unstyled\" data-block-weight=\"29\" data-block-id=\"18\">\n<p class=\" content-text__container \" data-track-category=\"Link no Texto\" data-track-links=\"\" data-mrf-recirculation=\"Article links\">Com essas mudan\u00e7as, Francisco Macena informou que o governo\u00a0<span class=\"highlight highlighted\">espera reduzir a taxa de juros para um patamar pr\u00f3ximo ao valor cobrado dos aposentados e servidores p\u00fablicos no consignado.<\/span><\/p>\n<\/div>\n<\/div>\n<div id=\"chunk-brhsl\">\n<div class=\"mc-column content-text active-extra-styles \" data-block-type=\"unstyled\" data-block-weight=\"17\" data-block-id=\"19\">\n<p class=\" content-text__container \" data-track-category=\"Link no Texto\" data-track-links=\"\" data-mrf-recirculation=\"Article links\"><strong>Veja a taxa m\u00e9dia de juros cobrada no cr\u00e9dito consignado em agosto, segundo dados do Banco Central:<\/strong><\/p>\n<\/div>\n<\/div>\n<div id=\"chunk-828qf\">\n<div class=\"mc-column content-text active-extra-styles\" data-block-type=\"raw\" data-block-weight=\"30\" data-block-id=\"20\">\n<ul class=\"content-unordered-list\" data-mrf-recirculation=\"Recomendado\">\n<li>Servidores p\u00fablicos: 1,73% ao m\u00eas, ou 22,8% ao ano;<\/li>\n<li>Aposentados do INSS: 1,64% ao m\u00eas, ou 21,5% ao ano;<\/li>\n<li>Trabalhadores do setor privado: 2,73% ao m\u00eas, ou 38,1% ao ano<\/li>\n<\/ul>\n<div id=\"chunk-15som\">\n<div class=\"mc-column content-text active-extra-styles\" data-block-type=\"raw\" data-block-weight=\"3\" data-block-id=\"22\">\n<div class=\"content-intertitle\">\n<h2>Facilidade de contrata\u00e7\u00e3o<\/h2>\n<\/div>\n<p>Pela proposta do governo, <span class=\"highlight highlighted\">os empr\u00e9stimos consignados ao setor privado poder\u00e3o ser feitos pelos trabalhadores diretamente\u00a0<\/span>na\u00a0<a class=\"\" href=\"https:\/\/www.gov.br\/pt-br\/servicos\/obter-a-carteira-de-trabalho\" target=\"_blank\" rel=\"noopener\" data-mrf-link=\"https:\/\/www.gov.br\/pt-br\/servicos\/obter-a-carteira-de-trabalho\">carteira de trabalho digital<\/a>,\u00a0<span class=\"highlight highlighted\">sem a necessidade que existe atualmente de os empregadores fecharem acordos com as institui\u00e7\u00f5es financeiras.<\/span><\/p>\n<\/div>\n<\/div>\n<div id=\"chunk-5dduf\">\n<div class=\"mc-column content-text active-extra-styles \" data-block-type=\"unstyled\" data-block-weight=\"36\" data-block-id=\"23\">\n<div id=\"chunk-c79rk\">\n<div class=\"mc-column content-text active-extra-styles \" data-block-type=\"unstyled\" data-block-weight=\"39\" data-block-id=\"25\">\n<p class=\" content-text__container \" data-track-category=\"Link no Texto\" data-track-links=\"\" data-mrf-recirculation=\"Article links\">De acordo com ele, v\u00e1rias institui\u00e7\u00f5es financeiras poder\u00e3o fazer ofertas de empr\u00e9stimos aos trabalhadores, informando a taxa de juros, dentro plataforma da carteira de trabalho digital. Com isso, ser\u00e1 poss\u00edvel comparar as propostas e escolher a mais vantajosa.<\/p>\n<\/div>\n<\/div>\n<div id=\"chunk-30qmu\">\n<div class=\"mc-column content-text active-extra-styles \" data-block-type=\"unstyled\" data-block-weight=\"22\" data-block-id=\"26\">\n<p class=\" content-text__container \" data-track-category=\"Link no Texto\" data-track-links=\"\" data-mrf-recirculation=\"Article links\">&#8220;N\u00e3o \u00e9 um leil\u00e3o reverso porque n\u00e3o tem repique, \u00e9 uma \u00fanica oferta. Porque sen\u00e3o ficaria uma negocia\u00e7\u00e3o intermin\u00e1vel&#8221;, disse Macena.<\/p>\n<\/div>\n<\/div>\n<div id=\"chunk-epfiq\">\n<div class=\"mc-column content-text active-extra-styles \" data-block-type=\"unstyled\" data-block-weight=\"29\" data-block-id=\"27\">\n<p class=\" content-text__container \" data-track-category=\"Link no Texto\" data-track-links=\"\" data-mrf-recirculation=\"Article links\">Caber\u00e1 ao empregador separar mensalmente o valor do empr\u00e9stimo do sal\u00e1rio dos trabalhadores e enviar os recursos para a Caixa Econ\u00f4mica Federal, respons\u00e1vel por fazer o repasse aos bancos.<\/p>\n<\/div>\n<\/div>\n<div id=\"chunk-8r2vh\">\n<div class=\"mc-column content-text active-extra-styles\" data-block-type=\"raw\" data-block-weight=\"1\" data-block-id=\"28\">\n<p class=\"content-text__container\" data-mrf-recirculation=\"Article links\"><strong>Alcance<\/strong><\/p>\n<p>Dados do Minist\u00e9rio do Trabalho apontam que cerca de 27 milh\u00f5es de trabalhadores optam, atualmente, por contratar a linha de cr\u00e9dito de antecipa\u00e7\u00e3o do saque anivers\u00e1rio do FGTS nos bancos, deixando com as institui\u00e7\u00f5es financeiras a maior parte dos empr\u00e9stimos por conta do pagamento de juros e do seu uso como garantia.<\/p>\n<\/div>\n<\/div>\n<div id=\"chunk-b5gni\">\n<div class=\"mc-column content-text active-extra-styles \" data-block-type=\"unstyled\" data-block-weight=\"53\" data-block-id=\"29\">\n<div id=\"chunk-bp4u0\">\n<div class=\"mc-column content-text active-extra-styles \" data-block-type=\"unstyled\" data-block-weight=\"49\" data-block-id=\"31\">\n<p class=\" content-text__container \" data-track-category=\"Link no Texto\" data-track-links=\"\" data-mrf-recirculation=\"Article links\">Francisco Macena, do Minist\u00e9rio do Trabalho, lembrou que o FGTS \u00e9 uma fonte de recursos para obras em infraestrutura, saneamento b\u00e1sico, mobilidade urbana e habita\u00e7\u00e3o. Se o saque anivers\u00e1rio for mantido, afirmou ele, h\u00e1 uma estimativa de que o fundo perca R$ 200 bilh\u00f5es at\u00e9 2030, afetando esses investimentos.<\/p>\n<\/div>\n<\/div>\n<div id=\"chunk-cqhlr\">\n<div class=\"mc-column content-text active-extra-styles \" data-block-type=\"unstyled\" data-block-weight=\"44\" data-block-id=\"32\">\n<p class=\" content-text__container \" data-track-category=\"Link no Texto\" data-track-links=\"\" data-mrf-recirculation=\"Article links\">Com a mudan\u00e7a das regras do consignado ao setor privado, o governo espera que os empr\u00e9stimos estejam dispon\u00edveis para quase 70 milh\u00f5es de pessoas registradas no Cadastro Geral de Empregados e Desempregados (Caged),\u00a0<span class=\"highlight highlighted\">abrangendo celetistas, aut\u00f4nomos e, tamb\u00e9m, pela primeira vez, empregados dom\u00e9sticos.<\/span><\/p>\n<\/div>\n<\/div>\n<div id=\"chunk-apudt\">\n<div class=\"mc-column content-text active-extra-styles \" data-block-type=\"unstyled\" data-block-weight=\"66\" data-block-id=\"33\">\n<p class=\" content-text__container \" data-track-category=\"Link no Texto\" data-track-links=\"\" data-mrf-recirculation=\"Article links\">A proje\u00e7\u00e3o do Minist\u00e9rio do Trabalho \u00e9 de que o saldo de empr\u00e9stimos ao setor privado, por meio do consignado,\u00a0<span class=\"highlight highlighted\">salte dos atuais R$ 40 bilh\u00f5es (valor de agosto) para, ao menos, R$ 200 bilh\u00f5es no m\u00e9dio prazo (em at\u00e9 cinco anos)<\/span>. Com isso, o valor ficaria mais pr\u00f3ximo do estoque de empr\u00e9stimos aos aposentados (R$ 270 bilh\u00f5es) e aos servidores p\u00fablicos (R$ 362 bilh\u00f5es).<\/p>\n<\/div>\n<\/div>\n<div id=\"chunk-78nbb\">\n<div class=\"mc-column content-text active-extra-styles \" data-block-type=\"unstyled\" data-block-weight=\"38\" data-block-id=\"34\">\n<p class=\" content-text__container \" data-track-category=\"Link no Texto\" data-track-links=\"\" data-mrf-recirculation=\"Article links\">A Federa\u00e7\u00e3o Brasileira de Bancos (Febraban) informou n\u00e3o ter uma estimativa sobre quanto a modalidade poderia atingir em empr\u00e9stimos, mas acrescentou que o produto &#8220;tem grande potencial para estimular os bancos a ofertarem essa linha&#8221;.<\/p>\n<\/div>\n<\/div>\n<div id=\"chunk-f84h7\">\n<div class=\"mc-column content-text active-extra-styles\" data-block-type=\"raw\" data-block-weight=\"7\" data-block-id=\"35\">\n<p class=\"content-text__container\" data-mrf-recirculation=\"Article links\"><strong>Saque anivers\u00e1rio, antecipa\u00e7\u00e3o e saque rescis\u00e3o; entenda<\/strong><\/p>\n<div class=\"content-intertitle\">\n<div id=\"chunk-dmmnr\">\n<div class=\"mc-column content-text active-extra-styles \" data-block-type=\"unstyled\" data-block-weight=\"31\" data-block-id=\"37\">\n<p class=\" content-text__container \" data-track-category=\"Link no Texto\" data-track-links=\"\" data-mrf-recirculation=\"Article links\">A Caixa Econ\u00f4mica Federal informa,\u00a0<a class=\"\" href=\"https:\/\/www.caixa.gov.br\/beneficios-trabalhador\/fgts\/saque-FGTS\/Paginas\/default.aspx\" target=\"_blank\" rel=\"noopener\" data-mrf-link=\"https:\/\/www.caixa.gov.br\/beneficios-trabalhador\/fgts\/saque-FGTS\/Paginas\/default.aspx\">em seu site<\/a>, que h\u00e1 duas modalidades de saque do FGTS, o saque rescis\u00e3o, considerada padr\u00e3o, e o saque anivers\u00e1rio, que \u00e9 uma op\u00e7\u00e3o aos trabalhadores.<\/p>\n<\/div>\n<\/div>\n<div id=\"chunk-6jui4\">\n<div class=\"mc-column content-text active-extra-styles\" data-block-type=\"raw\" data-block-weight=\"81\" data-block-id=\"38\">\n<ul class=\"content-unordered-list\" data-mrf-recirculation=\"Recomendado\">\n<li><strong><span class=\"highlight highlighted\">Saque-Rescis\u00e3o<\/span><\/strong>\u00a0\u2013 sistem\u00e1tica na qual o trabalhador, quando demitido sem justa causa, tem direito ao saque integral da conta do FGTS, incluindo a multa rescis\u00f3ria, quando devida. Trata-se da modalidade padr\u00e3o em que o trabalhador ingressa no FGTS.<\/li>\n<li><strong><span class=\"highlight highlighted\">Saque-Anivers\u00e1rio<\/span><\/strong>\u00a0\u2013 sistem\u00e1tica opcional onde anualmente, no m\u00eas de anivers\u00e1rio, o trabalhador pode sacar parte do seu saldo de FGTS.<span class=\"highlight highlighted\">\u00a0Caso o trabalhador seja demitido, poder\u00e1 sacar apenas o valor referente \u00e0 multa rescis\u00f3ria e n\u00e3o poder\u00e1 sacar o valor integral da conta.<\/span><\/li>\n<\/ul>\n<p>Segundo o banco, o trabalhador que optar pelo Saque-Anivers\u00e1rio do FGTS pode, por meio do aplicativo do FGTS, solicitar o retorno \u00e0 modalidade Saque-Rescis\u00e3o, desde que n\u00e3o haja opera\u00e7\u00e3o de antecipa\u00e7\u00e3o contratada. No entanto, a mudan\u00e7a s\u00f3 ter\u00e1 efeito a partir do primeiro dia do 25\u00ba m\u00eas ap\u00f3s a data da solicita\u00e7\u00e3o de retorno, ou seja, ap\u00f3s dois anos.<\/p>\n<\/div>\n<\/div>\n<div id=\"chunk-21lj5\">\n<div class=\"mc-column content-text active-extra-styles \" data-block-type=\"unstyled\" data-block-weight=\"38\" data-block-id=\"40\">\n<p class=\" content-text__container \" data-track-category=\"Link no Texto\" data-track-links=\"\" data-mrf-recirculation=\"Article links\">Caso queiram, os optantes do saque anivers\u00e1rio podem antecipar as parcelas dos pr\u00f3ximos anos, dando como garantia o valor a que t\u00eam direito anualmente.\u00a0Para isso, buscam a contrata\u00e7\u00e3o da opera\u00e7\u00e3o de cr\u00e9dito nos bancos, que cobram juros.<\/p>\n<\/div>\n<\/div>\n<div data-track-category=\"multicontent\" data-track-action=\"multicontent\" data-track-noninteraction=\"false\" data-track-scroll=\"ultimo chunk conteudo\" data-track-value=\"view\">\n<div id=\"chunk-5us3q\">\n<div class=\"tag-manager-publicidade-container mc-has-reveal mc-has-ad-lazyload tag-manager-publicidade-banner_materia__fba88d65-4eff-47fe-bfff-fe1c5e0ecf99 tag-manager-publicidade-container--carregado tag-manager-publicidade-container--visivel\" data-id=\"banner_materia__fba88d65-4eff-47fe-bfff-fe1c5e0ecf99\" data-google-query-id=\"CLjijNLi_ogDFRRM3QIdBh0PBA\">Fonte: G1<\/div>\n<\/div>\n<\/div>\n<\/div>\n<\/div>\n<\/div>\n<\/div>\n<\/div>\n<\/div>\n<\/div>\n<\/div>\n<\/div>\n<\/div>\n<\/div>\n<\/div>\n<\/div>\n<\/div>\n","protected":false},"excerpt":{"rendered":"<p>O governo pretende enviar ainda neste ano ao Legislativo uma\u00a0proposta para acabar com o saque anivers\u00e1rio do Fundo de Garantia por Tempo de Servi\u00e7o e&#8230;<\/p>\n","protected":false},"author":1527,"featured_media":47761,"comment_status":"closed","ping_status":"closed","sticky":false,"template":"","format":"standard","meta":{"footnotes":""},"categories":[6],"tags":[],"class_list":["post-54572","post","type-post","status-publish","format-standard","has-post-thumbnail","hentry","category-noticias"],"_links":{"self":[{"href":"https:\/\/www.sincomam.org.br\/index.php\/wp-json\/wp\/v2\/posts\/54572","targetHints":{"allow":["GET"]}}],"collection":[{"href":"https:\/\/www.sincomam.org.br\/index.php\/wp-json\/wp\/v2\/posts"}],"about":[{"href":"https:\/\/www.sincomam.org.br\/index.php\/wp-json\/wp\/v2\/types\/post"}],"author":[{"embeddable":true,"href":"https:\/\/www.sincomam.org.br\/index.php\/wp-json\/wp\/v2\/users\/1527"}],"replies":[{"embeddable":true,"href":"https:\/\/www.sincomam.org.br\/index.php\/wp-json\/wp\/v2\/comments?post=54572"}],"version-history":[{"count":1,"href":"https:\/\/www.sincomam.org.br\/index.php\/wp-json\/wp\/v2\/posts\/54572\/revisions"}],"predecessor-version":[{"id":54574,"href":"https:\/\/www.sincomam.org.br\/index.php\/wp-json\/wp\/v2\/posts\/54572\/revisions\/54574"}],"wp:featuredmedia":[{"embeddable":true,"href":"https:\/\/www.sincomam.org.br\/index.php\/wp-json\/wp\/v2\/media\/47761"}],"wp:attachment":[{"href":"https:\/\/www.sincomam.org.br\/index.php\/wp-json\/wp\/v2\/media?parent=54572"}],"wp:term":[{"taxonomy":"category","embeddable":true,"href":"https:\/\/www.sincomam.org.br\/index.php\/wp-json\/wp\/v2\/categories?post=54572"},{"taxonomy":"post_tag","embeddable":true,"href":"https:\/\/www.sincomam.org.br\/index.php\/wp-json\/wp\/v2\/tags?post=54572"}],"curies":[{"name":"wp","href":"https:\/\/api.w.org\/{rel}","templated":true}]}}