{"id":54555,"date":"2024-10-08T09:04:54","date_gmt":"2024-10-08T12:04:54","guid":{"rendered":"http:\/\/www.sincomam.org.br\/?p=54555"},"modified":"2024-10-08T09:04:54","modified_gmt":"2024-10-08T12:04:54","slug":"aps-publica-edital-para-derrocamento-no-porto-de-santos","status":"publish","type":"post","link":"https:\/\/www.sincomam.org.br\/index.php\/aps-publica-edital-para-derrocamento-no-porto-de-santos\/","title":{"rendered":"APS publica edital para derrocamento no Porto de Santos"},"content":{"rendered":"<p>A Autoridade Portu\u00e1ria de Santos (APS) publicou nesta segunda-feira (7), no Di\u00e1rio Oficial da Uni\u00e3o, o edital de licita\u00e7\u00e3o para a contrata\u00e7\u00e3o de empresa respons\u00e1vel pelo derrocamento, processo que envolve a retirada de rochas do canal de navega\u00e7\u00e3o do Porto de Santos (SP). Essa \u00e9 a primeira etapa do projeto de aprofundamento do canal para 16 metros, essencial para permitir a atraca\u00e7\u00e3o de navios de maior porte.<\/p>\n<p>Segundo a APS, a retirada de aproximadamente 10 mil metros c\u00fabicos de rochas ser\u00e1 realizada em 31 pontos do canal de navega\u00e7\u00e3o, \u00e1reas de acesso e ber\u00e7os de atraca\u00e7\u00e3o. A empresa vencedora da licita\u00e7\u00e3o ser\u00e1 respons\u00e1vel tanto pelos projetos b\u00e1sico e executivo quanto pela execu\u00e7\u00e3o das obras, que t\u00eam prazo de 18 meses para serem conclu\u00eddas. A profundidade resultante do derrocamento dever\u00e1 atingir 16,5 metros.<\/p>\n<p>O presidente da APS, Anderson Pomini, destacou a import\u00e2ncia da obra para atender \u00e0 demanda do mercado nacional e internacional: &#8220;Estamos dando o primeiro passo para aumentarmos a profundidade do Porto de Santos. A partir do derrocamento, abrimos caminho para alcan\u00e7armos os 16 e, posteriormente, 17 metros de calado, garantindo a capacidade de receber os maiores navios do mundo, em qualquer hora do dia ou da noite&#8221;.<\/p>\n<p>A obra j\u00e1 conta com licen\u00e7a ambiental, e o objetivo da APS \u00e9 concluir o aprofundamento do canal para 16 metros at\u00e9 2026. O edital completo est\u00e1 dispon\u00edvel no<a href=\"http:\/\/www.licitacoes-e.com.br\/\">\u00a0site<\/a>\u00a0e na sede da APS. A entrega das propostas e abertura da concorr\u00eancia est\u00e3o marcadas para o dia 29 de outubro.<\/p>\n<p>Fonte: Portos e Navios<\/p>\n","protected":false},"excerpt":{"rendered":"<p>A Autoridade Portu\u00e1ria de Santos (APS) publicou nesta segunda-feira (7), no Di\u00e1rio Oficial da Uni\u00e3o, o edital de licita\u00e7\u00e3o para a contrata\u00e7\u00e3o de empresa respons\u00e1vel&#8230;<\/p>\n","protected":false},"author":1527,"featured_media":54557,"comment_status":"closed","ping_status":"closed","sticky":false,"template":"","format":"standard","meta":{"footnotes":""},"categories":[1],"tags":[],"class_list":["post-54555","post","type-post","status-publish","format-standard","has-post-thumbnail","hentry","category-sem-categoria"],"_links":{"self":[{"href":"https:\/\/www.sincomam.org.br\/index.php\/wp-json\/wp\/v2\/posts\/54555","targetHints":{"allow":["GET"]}}],"collection":[{"href":"https:\/\/www.sincomam.org.br\/index.php\/wp-json\/wp\/v2\/posts"}],"about":[{"href":"https:\/\/www.sincomam.org.br\/index.php\/wp-json\/wp\/v2\/types\/post"}],"author":[{"embeddable":true,"href":"https:\/\/www.sincomam.org.br\/index.php\/wp-json\/wp\/v2\/users\/1527"}],"replies":[{"embeddable":true,"href":"https:\/\/www.sincomam.org.br\/index.php\/wp-json\/wp\/v2\/comments?post=54555"}],"version-history":[{"count":1,"href":"https:\/\/www.sincomam.org.br\/index.php\/wp-json\/wp\/v2\/posts\/54555\/revisions"}],"predecessor-version":[{"id":54558,"href":"https:\/\/www.sincomam.org.br\/index.php\/wp-json\/wp\/v2\/posts\/54555\/revisions\/54558"}],"wp:featuredmedia":[{"embeddable":true,"href":"https:\/\/www.sincomam.org.br\/index.php\/wp-json\/wp\/v2\/media\/54557"}],"wp:attachment":[{"href":"https:\/\/www.sincomam.org.br\/index.php\/wp-json\/wp\/v2\/media?parent=54555"}],"wp:term":[{"taxonomy":"category","embeddable":true,"href":"https:\/\/www.sincomam.org.br\/index.php\/wp-json\/wp\/v2\/categories?post=54555"},{"taxonomy":"post_tag","embeddable":true,"href":"https:\/\/www.sincomam.org.br\/index.php\/wp-json\/wp\/v2\/tags?post=54555"}],"curies":[{"name":"wp","href":"https:\/\/api.w.org\/{rel}","templated":true}]}}