{"id":54533,"date":"2024-10-07T09:02:31","date_gmt":"2024-10-07T12:02:31","guid":{"rendered":"http:\/\/www.sincomam.org.br\/?p=54533"},"modified":"2024-10-07T09:04:27","modified_gmt":"2024-10-07T12:04:27","slug":"bahia-lanca-cluster-tecnologico-naval","status":"publish","type":"post","link":"https:\/\/www.sincomam.org.br\/index.php\/bahia-lanca-cluster-tecnologico-naval\/","title":{"rendered":"Bahia lan\u00e7a Cluster Tecnol\u00f3gico Naval"},"content":{"rendered":"<p>O Farol da Barra, em Salvador (BA), foi palco da cerim\u00f4nia de lan\u00e7amento do Cluster Tecnol\u00f3gico Naval da Bahia, voltado para o desenvolvimento de atividades ligadas \u00e0 Economia do Mar no Brasil e na Bahia. Com o lema \u201cConectando ideias, desenvolvendo o futuro\u201d, o cluster re\u00fane empresas e institui\u00e7\u00f5es que visam promover o di\u00e1logo entre a academia, ind\u00fastria e governo para atrair projetos e investimentos de forma sustent\u00e1vel. Entre as empresas fundadoras est\u00e3o Bahia Marina, Belov Offshore Industrial, Companhia Docas do Estado da Bahia (Codeba), e Wilson Sons \u2013 Tecon Salvador.<\/p>\n<p>A iniciativa conta com o apoio de diversas entidades, incluindo a Associa\u00e7\u00e3o Comercial da Bahia, Codeba, Senai Cimatec, Prefeitura de Salvador, Governo do Estado da Bahia, e Marinha do Brasil. O cluster abrange uma s\u00e9rie de atividades econ\u00f4micas ligadas ao ambiente marinho, como constru\u00e7\u00e3o e desmantelamento de embarca\u00e7\u00f5es, turismo mar\u00edtimo, pesca, explora\u00e7\u00e3o offshore, e energias renov\u00e1veis oce\u00e2nicas.<\/p>\n<p>O diretor-executivo do cluster, Paulo Cezar Soares Pinheiro, ressaltou o desafio estrat\u00e9gico do projeto em busca do desenvolvimento sustent\u00e1vel e gera\u00e7\u00e3o de empregos. J\u00e1 o Vice-Almirante Antonio Carlos Cambra, Comandante do 2\u00ba Distrito Naval, destacou a import\u00e2ncia do cluster para o desenvolvimento econ\u00f4mico regional. Antonio Gobbo, presidente da Codeba, falou sobre a relev\u00e2ncia da governan\u00e7a do cluster para o avan\u00e7o da Economia do Mar no Brasil.<\/p>\n<p>A cerim\u00f4nia, realizada na \u00faltima\u00a0quinta-feira (3), teve a participa\u00e7\u00e3o de representantes de institui\u00e7\u00f5es p\u00fablicas e privadas, al\u00e9m do Almirante de Esquadra Claudio Henrique Mello de Almeida, Comandante de Opera\u00e7\u00f5es Navais.\u00a0O evento tamb\u00e9m contou com a presen\u00e7a do ex-Comandante da Marinha, Almirante Ilques Barbosa Junior, que enfatizou o papel estrat\u00e9gico do cluster e a troca de experi\u00eancias com o Cluster Tecnol\u00f3gico Naval do Rio de Janeiro.<\/p>\n<p>Fonte: Ag\u00eancia Marinha de Not\u00edcias<\/p>\n","protected":false},"excerpt":{"rendered":"<p>O Farol da Barra, em Salvador (BA), foi palco da cerim\u00f4nia de lan\u00e7amento do Cluster Tecnol\u00f3gico Naval da Bahia, voltado para o desenvolvimento de atividades&#8230;<\/p>\n","protected":false},"author":1527,"featured_media":54535,"comment_status":"closed","ping_status":"closed","sticky":false,"template":"","format":"standard","meta":{"footnotes":""},"categories":[6],"tags":[],"class_list":["post-54533","post","type-post","status-publish","format-standard","has-post-thumbnail","hentry","category-noticias"],"_links":{"self":[{"href":"https:\/\/www.sincomam.org.br\/index.php\/wp-json\/wp\/v2\/posts\/54533","targetHints":{"allow":["GET"]}}],"collection":[{"href":"https:\/\/www.sincomam.org.br\/index.php\/wp-json\/wp\/v2\/posts"}],"about":[{"href":"https:\/\/www.sincomam.org.br\/index.php\/wp-json\/wp\/v2\/types\/post"}],"author":[{"embeddable":true,"href":"https:\/\/www.sincomam.org.br\/index.php\/wp-json\/wp\/v2\/users\/1527"}],"replies":[{"embeddable":true,"href":"https:\/\/www.sincomam.org.br\/index.php\/wp-json\/wp\/v2\/comments?post=54533"}],"version-history":[{"count":2,"href":"https:\/\/www.sincomam.org.br\/index.php\/wp-json\/wp\/v2\/posts\/54533\/revisions"}],"predecessor-version":[{"id":54537,"href":"https:\/\/www.sincomam.org.br\/index.php\/wp-json\/wp\/v2\/posts\/54533\/revisions\/54537"}],"wp:featuredmedia":[{"embeddable":true,"href":"https:\/\/www.sincomam.org.br\/index.php\/wp-json\/wp\/v2\/media\/54535"}],"wp:attachment":[{"href":"https:\/\/www.sincomam.org.br\/index.php\/wp-json\/wp\/v2\/media?parent=54533"}],"wp:term":[{"taxonomy":"category","embeddable":true,"href":"https:\/\/www.sincomam.org.br\/index.php\/wp-json\/wp\/v2\/categories?post=54533"},{"taxonomy":"post_tag","embeddable":true,"href":"https:\/\/www.sincomam.org.br\/index.php\/wp-json\/wp\/v2\/tags?post=54533"}],"curies":[{"name":"wp","href":"https:\/\/api.w.org\/{rel}","templated":true}]}}