{"id":54525,"date":"2024-10-07T09:00:40","date_gmt":"2024-10-07T12:00:40","guid":{"rendered":"http:\/\/www.sincomam.org.br\/?p=54525"},"modified":"2024-10-07T09:00:40","modified_gmt":"2024-10-07T12:00:40","slug":"pecem-firma-contrato-para-fornecimento-de-energia-limpa","status":"publish","type":"post","link":"https:\/\/www.sincomam.org.br\/index.php\/pecem-firma-contrato-para-fornecimento-de-energia-limpa\/","title":{"rendered":"Pec\u00e9m firma contrato para fornecimento de energia limpa"},"content":{"rendered":"<p>O Complexo do Pec\u00e9m (CE) firmou contrato com a Casa dos Ventos para o fornecimento de energia limpa e certificada, com o selo internacional I-REC, que garante a rastreabilidade da energia renov\u00e1vel. O contrato, no valor de R$ 41 milh\u00f5es e com dura\u00e7\u00e3o de cinco anos, resultou de uma concorr\u00eancia p\u00fablica e visa n\u00e3o s\u00f3 \u00e0 estabilidade de pre\u00e7os, ao migrar para o Ambiente de Contrata\u00e7\u00e3o Livre (ACL), mas tamb\u00e9m ao compromisso com a descarboniza\u00e7\u00e3o das opera\u00e7\u00f5es portu\u00e1rias.<\/p>\n<p>A economia gerada com a contrata\u00e7\u00e3o ser\u00e1 revertida para a\u00e7\u00f5es de descarboniza\u00e7\u00e3o e no incentivo \u00e0 maior eletrifica\u00e7\u00e3o das opera\u00e7\u00f5es do Porto do Pec\u00e9m, atualmente em 70%. Isso inclui guindastes e esteiras el\u00e9tricas. Futuramente, o porto projeta o fornecimento de energia para navios via sistema shore power, o que reduzir\u00e1 as emiss\u00f5es das embarca\u00e7\u00f5es atracadas.<\/p>\n<p>Jos\u00e9 Carneiro J\u00fanior, engenheiro do Pec\u00e9m, destacou que a transi\u00e7\u00e3o para o mercado livre era dificultada por quest\u00f5es tribut\u00e1rias e riscos do mercado de energia. Contudo, a agenda global de descarboniza\u00e7\u00e3o e os projetos de hidrog\u00eanio verde (H2V) e eletrifica\u00e7\u00e3o portu\u00e1ria tornaram essa mudan\u00e7a vi\u00e1vel. O consumo energ\u00e9tico do Pec\u00e9m, equivalente ao de uma cidade de 80 mil habitantes, refor\u00e7a o foco em sustentabilidade.<\/p>\n<p>Marco Ximenes, gerente de manuten\u00e7\u00e3o do complexo, afirmou que a substitui\u00e7\u00e3o de equipamentos a combust\u00e3o por el\u00e9tricos \u00e9 uma tend\u00eancia irrevers\u00edvel. Ele tamb\u00e9m ressaltou a import\u00e2ncia de fortalecer o sistema el\u00e9trico do porto com investimentos em confiabilidade e seguran\u00e7a, estimados em R$ 15 milh\u00f5es para o pr\u00f3ximo ano.<\/p>\n<p>Fonte: Portos e Navios<\/p>\n","protected":false},"excerpt":{"rendered":"<p>O Complexo do Pec\u00e9m (CE) firmou contrato com a Casa dos Ventos para o fornecimento de energia limpa e certificada, com o selo internacional I-REC,&#8230;<\/p>\n","protected":false},"author":1527,"featured_media":54527,"comment_status":"closed","ping_status":"closed","sticky":false,"template":"","format":"standard","meta":{"footnotes":""},"categories":[6],"tags":[],"class_list":["post-54525","post","type-post","status-publish","format-standard","has-post-thumbnail","hentry","category-noticias"],"_links":{"self":[{"href":"https:\/\/www.sincomam.org.br\/index.php\/wp-json\/wp\/v2\/posts\/54525","targetHints":{"allow":["GET"]}}],"collection":[{"href":"https:\/\/www.sincomam.org.br\/index.php\/wp-json\/wp\/v2\/posts"}],"about":[{"href":"https:\/\/www.sincomam.org.br\/index.php\/wp-json\/wp\/v2\/types\/post"}],"author":[{"embeddable":true,"href":"https:\/\/www.sincomam.org.br\/index.php\/wp-json\/wp\/v2\/users\/1527"}],"replies":[{"embeddable":true,"href":"https:\/\/www.sincomam.org.br\/index.php\/wp-json\/wp\/v2\/comments?post=54525"}],"version-history":[{"count":1,"href":"https:\/\/www.sincomam.org.br\/index.php\/wp-json\/wp\/v2\/posts\/54525\/revisions"}],"predecessor-version":[{"id":54528,"href":"https:\/\/www.sincomam.org.br\/index.php\/wp-json\/wp\/v2\/posts\/54525\/revisions\/54528"}],"wp:featuredmedia":[{"embeddable":true,"href":"https:\/\/www.sincomam.org.br\/index.php\/wp-json\/wp\/v2\/media\/54527"}],"wp:attachment":[{"href":"https:\/\/www.sincomam.org.br\/index.php\/wp-json\/wp\/v2\/media?parent=54525"}],"wp:term":[{"taxonomy":"category","embeddable":true,"href":"https:\/\/www.sincomam.org.br\/index.php\/wp-json\/wp\/v2\/categories?post=54525"},{"taxonomy":"post_tag","embeddable":true,"href":"https:\/\/www.sincomam.org.br\/index.php\/wp-json\/wp\/v2\/tags?post=54525"}],"curies":[{"name":"wp","href":"https:\/\/api.w.org\/{rel}","templated":true}]}}