{"id":54521,"date":"2024-10-07T08:59:50","date_gmt":"2024-10-07T11:59:50","guid":{"rendered":"http:\/\/www.sincomam.org.br\/?p=54521"},"modified":"2024-10-07T08:59:50","modified_gmt":"2024-10-07T11:59:50","slug":"antaq-realiza-reuniao-sobre-navegacao-interior-para-definir-agenda-regulatoria","status":"publish","type":"post","link":"https:\/\/www.sincomam.org.br\/index.php\/antaq-realiza-reuniao-sobre-navegacao-interior-para-definir-agenda-regulatoria\/","title":{"rendered":"Antaq realiza reuni\u00e3o sobre navega\u00e7\u00e3o interior para definir agenda regulat\u00f3ria"},"content":{"rendered":"<p>A Ag\u00eancia Nacional de Transportes Aquavi\u00e1rios (Antaq) realizou uma reuni\u00e3o participativa na \u00faltima quinta-feira (3), em Manaus (AM), para discutir a navega\u00e7\u00e3o interior no contexto da proposta de Agenda Regulat\u00f3ria 2025-2028. A agenda \u00e9 uma ferramenta de planejamento e prioriza\u00e7\u00e3o que tem como objetivo melhorar os processos regulat\u00f3rios da ag\u00eancia reguladora, aumentando a transpar\u00eancia e a previsibilidade das a\u00e7\u00f5es da autarquia.<\/p>\n<p>O diretor-geral da Antaq,\u00a0Eduardo Nery, participou virtualmente e destacou a import\u00e2ncia das contribui\u00e7\u00f5es recebidas, que podem resultar em ajustes na agenda, como exclus\u00e3o ou inclus\u00e3o de itens, al\u00e9m da mudan\u00e7a de prioridades. Foram feitas seis contribui\u00e7\u00f5es presenciais durante o encontro, que ocorreu na Federa\u00e7\u00e3o das Ind\u00fastrias do Estado do Amazonas (Fieam).<\/p>\n<p>Essa foi a \u00faltima reuni\u00e3o para tratar do tema, ap\u00f3s encontros no Rio de Janeiro, sobre navega\u00e7\u00e3o mar\u00edtima, e em S\u00e3o Paulo, sobre instala\u00e7\u00f5es portu\u00e1rias. Durante a reuni\u00e3o, tamb\u00e9m foram aceitas contribui\u00e7\u00f5es para a Agenda de Avalia\u00e7\u00e3o de Resultado Regulat\u00f3rio (ARR) 2023-2026.\u00a0 As contribui\u00e7\u00f5es para ambas as agendas podem ser enviadas at\u00e9 o dia 11 de outubro de 2024, \u00e0s 23h59, ap\u00f3s a prorroga\u00e7\u00e3o do per\u00edodo de tomada de subs\u00eddios no site da ag\u00eancia.<\/p>\n<p>Fonte: Portos e Navios<\/p>\n","protected":false},"excerpt":{"rendered":"<p>A Ag\u00eancia Nacional de Transportes Aquavi\u00e1rios (Antaq) realizou uma reuni\u00e3o participativa na \u00faltima quinta-feira (3), em Manaus (AM), para discutir a navega\u00e7\u00e3o interior no contexto&#8230;<\/p>\n","protected":false},"author":1527,"featured_media":54523,"comment_status":"closed","ping_status":"closed","sticky":false,"template":"","format":"standard","meta":{"footnotes":""},"categories":[6],"tags":[],"class_list":["post-54521","post","type-post","status-publish","format-standard","has-post-thumbnail","hentry","category-noticias"],"_links":{"self":[{"href":"https:\/\/www.sincomam.org.br\/index.php\/wp-json\/wp\/v2\/posts\/54521","targetHints":{"allow":["GET"]}}],"collection":[{"href":"https:\/\/www.sincomam.org.br\/index.php\/wp-json\/wp\/v2\/posts"}],"about":[{"href":"https:\/\/www.sincomam.org.br\/index.php\/wp-json\/wp\/v2\/types\/post"}],"author":[{"embeddable":true,"href":"https:\/\/www.sincomam.org.br\/index.php\/wp-json\/wp\/v2\/users\/1527"}],"replies":[{"embeddable":true,"href":"https:\/\/www.sincomam.org.br\/index.php\/wp-json\/wp\/v2\/comments?post=54521"}],"version-history":[{"count":1,"href":"https:\/\/www.sincomam.org.br\/index.php\/wp-json\/wp\/v2\/posts\/54521\/revisions"}],"predecessor-version":[{"id":54524,"href":"https:\/\/www.sincomam.org.br\/index.php\/wp-json\/wp\/v2\/posts\/54521\/revisions\/54524"}],"wp:featuredmedia":[{"embeddable":true,"href":"https:\/\/www.sincomam.org.br\/index.php\/wp-json\/wp\/v2\/media\/54523"}],"wp:attachment":[{"href":"https:\/\/www.sincomam.org.br\/index.php\/wp-json\/wp\/v2\/media?parent=54521"}],"wp:term":[{"taxonomy":"category","embeddable":true,"href":"https:\/\/www.sincomam.org.br\/index.php\/wp-json\/wp\/v2\/categories?post=54521"},{"taxonomy":"post_tag","embeddable":true,"href":"https:\/\/www.sincomam.org.br\/index.php\/wp-json\/wp\/v2\/tags?post=54521"}],"curies":[{"name":"wp","href":"https:\/\/api.w.org\/{rel}","templated":true}]}}