{"id":54517,"date":"2024-10-07T08:56:10","date_gmt":"2024-10-07T11:56:10","guid":{"rendered":"http:\/\/www.sincomam.org.br\/?p=54517"},"modified":"2024-10-07T08:56:10","modified_gmt":"2024-10-07T11:56:10","slug":"portosrio-anuncia-novos-investimentos-e-parcerias-para-portos-fluminenses","status":"publish","type":"post","link":"https:\/\/www.sincomam.org.br\/index.php\/portosrio-anuncia-novos-investimentos-e-parcerias-para-portos-fluminenses\/","title":{"rendered":"PortosRio anuncia novos investimentos e parcerias para portos fluminenses"},"content":{"rendered":"<p>A PortosRio refor\u00e7ou seu compromisso com o desenvolvimento de portos do estado do Rio de Janeiro por meio de novos investimentos em infraestrutura e parcerias estrat\u00e9gicas. O diretor-presidente da autoridade portu\u00e1ria, Francisco Martins, destacou a import\u00e2ncia de melhorar as opera\u00e7\u00f5es dos portos do Rio de Janeiro, Itagua\u00ed, Forno, Niter\u00f3i e Angra, buscando ao crescimento sustent\u00e1vel e ao fortalecimento da economia local.<\/p>\n<p>Entre as iniciativas, est\u00e1 a parceria com a Funda\u00e7\u00e3o Get\u00falio Vargas (FGV) para estudos de desenvolvimento territorial e projetos de sustentabilidade, buscando a integra\u00e7\u00e3o entre os portos e as cidades. A empresa tamb\u00e9m foca em a\u00e7\u00f5es para ampliar a efici\u00eancia log\u00edstica e otimizar as opera\u00e7\u00f5es portu\u00e1rias, garantindo um crescimento equilibrado e sustent\u00e1vel para os portos p\u00fablicos fluminenses.<\/p>\n<p>\u201cOs portos fluminenses \u2014 Rio de Janeiro, Itagua\u00ed, Forno, Niter\u00f3i e Angra \u2014, com suas diferentes dimens\u00f5es e complexidades, merecem a mesma aten\u00e7\u00e3o e esfor\u00e7o, com foco n\u00e3o apenas em infraestrutura, mas tamb\u00e9m em parcerias estrat\u00e9gicas. Sempre que a PortosRio precisou do apoio da comunidade portu\u00e1ria nunca recebemos uma resposta negativa. Tamb\u00e9m estamos avan\u00e7ando na parceria com a Funda\u00e7\u00e3o Get\u00falio Vargas para estudar o desenvolvimento territorial a partir dos portos, com iniciativas de sustentabilidade e harmoniza\u00e7\u00e3o entre o porto e a cidade. Nossa rela\u00e7\u00e3o com a prefeitura\u00a0<em>[Rio de Janeiro]<\/em>\u00a0\u00e9 saud\u00e1vel, e o Porto do Rio continuar\u00e1 crescendo\u201d, disse\u00a0 Francisco Martins.<\/p>\n<p>Fonte: Portos e Navios<\/p>\n","protected":false},"excerpt":{"rendered":"<p>A PortosRio refor\u00e7ou seu compromisso com o desenvolvimento de portos do estado do Rio de Janeiro por meio de novos investimentos em infraestrutura e parcerias&#8230;<\/p>\n","protected":false},"author":1527,"featured_media":54519,"comment_status":"closed","ping_status":"closed","sticky":false,"template":"","format":"standard","meta":{"footnotes":""},"categories":[6],"tags":[],"class_list":["post-54517","post","type-post","status-publish","format-standard","has-post-thumbnail","hentry","category-noticias"],"_links":{"self":[{"href":"https:\/\/www.sincomam.org.br\/index.php\/wp-json\/wp\/v2\/posts\/54517","targetHints":{"allow":["GET"]}}],"collection":[{"href":"https:\/\/www.sincomam.org.br\/index.php\/wp-json\/wp\/v2\/posts"}],"about":[{"href":"https:\/\/www.sincomam.org.br\/index.php\/wp-json\/wp\/v2\/types\/post"}],"author":[{"embeddable":true,"href":"https:\/\/www.sincomam.org.br\/index.php\/wp-json\/wp\/v2\/users\/1527"}],"replies":[{"embeddable":true,"href":"https:\/\/www.sincomam.org.br\/index.php\/wp-json\/wp\/v2\/comments?post=54517"}],"version-history":[{"count":1,"href":"https:\/\/www.sincomam.org.br\/index.php\/wp-json\/wp\/v2\/posts\/54517\/revisions"}],"predecessor-version":[{"id":54520,"href":"https:\/\/www.sincomam.org.br\/index.php\/wp-json\/wp\/v2\/posts\/54517\/revisions\/54520"}],"wp:featuredmedia":[{"embeddable":true,"href":"https:\/\/www.sincomam.org.br\/index.php\/wp-json\/wp\/v2\/media\/54519"}],"wp:attachment":[{"href":"https:\/\/www.sincomam.org.br\/index.php\/wp-json\/wp\/v2\/media?parent=54517"}],"wp:term":[{"taxonomy":"category","embeddable":true,"href":"https:\/\/www.sincomam.org.br\/index.php\/wp-json\/wp\/v2\/categories?post=54517"},{"taxonomy":"post_tag","embeddable":true,"href":"https:\/\/www.sincomam.org.br\/index.php\/wp-json\/wp\/v2\/tags?post=54517"}],"curies":[{"name":"wp","href":"https:\/\/api.w.org\/{rel}","templated":true}]}}