{"id":54448,"date":"2024-10-03T06:41:42","date_gmt":"2024-10-03T09:41:42","guid":{"rendered":"http:\/\/www.sincomam.org.br\/?p=54448"},"modified":"2024-10-02T21:46:25","modified_gmt":"2024-10-03T00:46:25","slug":"garganta-do-diabo-onde-embarcacao-com-sete-pessoas-naufragou-tem-historico-de-acidentes-e-resgates-veja","status":"publish","type":"post","link":"https:\/\/www.sincomam.org.br\/index.php\/garganta-do-diabo-onde-embarcacao-com-sete-pessoas-naufragou-tem-historico-de-acidentes-e-resgates-veja\/","title":{"rendered":"&#8216;Garganta do Diabo&#8217;, onde embarca\u00e7\u00e3o com sete pessoas naufragou, tem hist\u00f3rico de acidentes e resgates; VEJA"},"content":{"rendered":"<div id=\"chunk-95j7l\">\n<div class=\"mc-column content-text active-extra-styles \" data-block-type=\"unstyled\" data-block-weight=\"49\" data-block-id=\"2\">\n<p class=\" content-text__container \" data-track-category=\"Link no Texto\" data-track-links=\"\" data-mrf-recirculation=\"Article links\">A regi\u00e3o conhecida como Garganta do Diabo, em\u00a0S\u00e3o Vicente (SP), onde uma\u00a0embarca\u00e7\u00e3o com<strong>\u00a0<\/strong>sete pessoas a bordo naufragou, no \u00faltimo domingo (29),<strong>\u00a0<\/strong>tem um hist\u00f3rico de acidentes e resgates. O\u00a0<strong>g1<\/strong>\u00a0reuniu casos marcantes dos \u00faltimos anos, incluindo outros naufr\u00e1gios e a localiza\u00e7\u00e3o de corpos.<\/p>\n<\/div>\n<\/div>\n<div class=\"wall protected-content\">\n<div id=\"chunk-7dkk6\">\n<div class=\"mc-column content-text active-extra-styles \" data-block-type=\"unstyled\" data-block-weight=\"46\" data-block-id=\"4\">\n<p class=\" content-text__container \" data-track-category=\"Link no Texto\" data-track-links=\"\" data-mrf-recirculation=\"Article links\">O Grupamento de Bombeiros Mar\u00edtimos (GBMar) realiza buscas por duas desaparecidas:\u00a0Beatriz Tavares da Silva Faria, 27 anos, e Aline Tamara Moreira de Amorim, de 37. As outras cinco pessoas v\u00edtimas do naufr\u00e1gio foram resgatadas pelo Corpo de Bombeiros com o aux\u00edlio da Marinha do Brasil.<\/p>\n<div id=\"chunk-2dloc\">\n<div class=\"mc-column content-text active-extra-styles \" data-block-type=\"unstyled\" data-block-weight=\"58\" data-block-id=\"7\">\n<p class=\" content-text__container \" data-track-category=\"Link no Texto\" data-track-links=\"\" data-mrf-recirculation=\"Article links\">A Garganta do Diabo est\u00e1 situada entre a Ilha Porchat e o Parque Estadual Xixov\u00e1-Japu\u00ed. De acordo com os ocean\u00f3grafos Henrique Chaves e Renan Ribeiro, a \u00e1rea apresenta bancos de areia em constante movimento e uma correnteza forte, resultante do &#8220;efeito de mar\u00e9 e estrangulamento da \u00e1gua&#8221;, o que gera ondula\u00e7\u00f5es perigosas tanto para pessoas quanto para embarca\u00e7\u00f5es.<\/p>\n<\/div>\n<\/div>\n<div id=\"chunk-2v8to\">\n<div class=\"bs-video-block mc-column   content-media content-video\" data-block-type=\"backstage-video\" data-block-id=\"8\">\n<div class=\"content-media__container\">\n<div class=\"content-video__bigger-player-description-fixer\">\n<article class=\"content-video\" data-ts-view=\"1727916186934\">\n<section class=\"content-video__video-container\">\n<div class=\"content-video__video\">\n<div id=\"wp3-player-1\" class=\"clappr-player\" tabindex=\"9999\" data-player=\"\">\n<div class=\"dfp-ad-overlay dfp-ad-overlay--poster-mode\">\n<div id=\"chunk-7dkgu\">\n<div class=\"mc-column content-text active-extra-styles\" data-block-type=\"raw\" data-block-weight=\"8\" data-block-id=\"9\">\n<div class=\"content-intertitle\">\n<h2>De onde veio o nome Garganta do Diabo?<\/h2>\n<\/div>\n<p>Para o presidente do Instituto Hist\u00f3rico Geogr\u00e1fico de Santos, Sergio Willians, diversas lendas urbanas explicam o nome, incluindo a de que o local &#8220;engolia&#8221; barcos que ousavam passar por l\u00e1. Para ele, a hip\u00f3tese que mais faz sentido pode ser, literalmente, desenhada.<\/p>\n<div id=\"chunk-4m73e\">\n<div class=\"content-ads content-ads--reveal\" data-block-type=\"ads\" data-block-id=\"11\">\n<div id=\"banner_materia__197b9ee3-1215-41c4-b539-f48d334a9c7f\" class=\"tag-manager-publicidade-container mc-has-reveal mc-has-ad-lazyload tag-manager-publicidade-banner_materia__197b9ee3-1215-41c4-b539-f48d334a9c7f tag-manager-publicidade-container--carregado tag-manager-publicidade-container--visivel\" data-id=\"banner_materia__197b9ee3-1215-41c4-b539-f48d334a9c7f\" data-google-query-id=\"CNuj3q_98IgDFZ1ZuAQd0V4lJg\">\n<p>Segundo ele, h\u00e1 uma cren\u00e7a popular de que a Garganta do Diabo serviu como passagem para as caravelas de Martim Afonso na funda\u00e7\u00e3o da Vila de S\u00e3o Vicente, mas para Willians falta embasamento hist\u00f3rico.<\/p>\n<div id=\"chunk-aovkk\">\n<div class=\"mc-column content-text active-extra-styles \" data-block-type=\"unstyled\" data-block-weight=\"58\" data-block-id=\"14\">\n<p class=\" content-text__container \" data-track-category=\"Link no Texto\" data-track-links=\"\" data-mrf-recirculation=\"Article links\">Segundo contou que o pintor Benedito Calixto criou telas para mostrar as caravelas chegando pela primeira vez \u00e0 ba\u00eda municipal no s\u00e9culo XVI. A ci\u00eancia j\u00e1 comprovou, no entanto, que navios de grande porte n\u00e3o passariam pela Garganta devido \u00e0s condi\u00e7\u00f5es naturais da regi\u00e3o. O desembarque das embarca\u00e7\u00f5es ocorreu, na verdade, pr\u00f3ximo \u00e0 Ponta da Praia, em Santos.<\/p>\n<\/div>\n<\/div>\n<div id=\"chunk-b16g3\">\n<div class=\"mc-column content-text active-extra-styles \" data-block-type=\"unstyled\" data-block-weight=\"46\" data-block-id=\"15\">\n<p class=\" content-text__container \" data-track-category=\"Link no Texto\" data-track-links=\"\" data-mrf-recirculation=\"Article links\">\u201cSe voc\u00ea pega o mapa da ba\u00eda de S\u00e3o Vicente, entre a Ilha Porchat e a Ponte P\u00eansil, o desenho dessa ba\u00eda no trecho de \u00e1gua lembra a cabe\u00e7a de um diabo. A parte da Ilha Porchat \u00e9 onde ficaria a garganta\u201d, disse.<\/p>\n<div id=\"chunk-7ah3p\">\n<div class=\"mc-column content-text active-extra-styles\" data-block-type=\"raw\" data-block-weight=\"3\" data-block-id=\"17\">\n<div class=\"content-intertitle\">\n<h2>Hist\u00f3rico de ocorr\u00eancias<\/h2>\n<\/div>\n<\/div>\n<\/div>\n<div id=\"chunk-e0467\">\n<div class=\"mc-column content-text active-extra-styles\" data-block-type=\"raw\" data-block-weight=\"2\" data-block-id=\"18\">\n<ul class=\"content-unordered-list\" data-mrf-recirculation=\"Recomendado\">\n<li><strong>Corpos encontrados<\/strong><\/li>\n<\/ul>\n<p>Em 17 de agosto de 2013\u00a0tr\u00eas pescadores \u2014Robson Sanches, Petterson Fernando e Bruno Oliveira\u2014desapareceram enquanto navegavam em dire\u00e7\u00e3o \u00e0 Praia Grande em uma embarca\u00e7\u00e3o de alum\u00ednio. Dias depois, em 22 de agosto, mergulhadores encontraram o corpo de Robson pr\u00f3ximo \u00e0 Garganta do Diabo.<\/p>\n<\/div>\n<\/div>\n<div id=\"chunk-1sfap\">\n<div class=\"mc-column content-text active-extra-styles \" data-block-type=\"unstyled\" data-block-weight=\"25\" data-block-id=\"20\">\n<p class=\" content-text__container \" data-track-category=\"Link no Texto\" data-track-links=\"\" data-mrf-recirculation=\"Article links\">A embarca\u00e7\u00e3o estava a dois quil\u00f4metros naufragada a 10 metros de profundidade. Posteriormente, Bruno e Petterson tamb\u00e9m foram encontrados mortos em Guaruj\u00e1 e Bertioga, respectivamente.<\/p>\n<div id=\"chunk-agtuf\">\n<div class=\"mc-column content-text active-extra-styles\" data-block-type=\"raw\" data-block-weight=\"6\" data-block-id=\"22\">\n<ul class=\"content-unordered-list\" data-mrf-recirculation=\"Recomendado\">\n<li><strong>Barco virou e v\u00edtima n\u00e3o resistiu<\/strong><\/li>\n<\/ul>\n<p>Em 26 de janeiro de 2016, um homem de 50 anos morreu ap\u00f3s o naufr\u00e1gio do barco de alum\u00ednio \u2018Duluar Azul\u2019 na Garganta do Diabo. A embarca\u00e7\u00e3o, que havia sa\u00eddo de uma garagem n\u00e1utica em Cubat\u00e3o (SP), virou devido \u00e0 forte correnteza. A Marinha abriu um inqu\u00e9rito para investigar o acidente.<\/p>\n<\/div>\n<\/div>\n<div id=\"chunk-de73g\">\n<div class=\"mc-column content-text active-extra-styles \" data-block-type=\"unstyled\" data-block-weight=\"51\" data-block-id=\"23\">\n<div id=\"chunk-15bj7\">\n<div class=\"mc-column content-text active-extra-styles \" data-block-type=\"unstyled\" data-block-weight=\"41\" data-block-id=\"25\">\n<p class=\" content-text__container \" data-track-category=\"Link no Texto\" data-track-links=\"\" data-mrf-recirculation=\"Article links\">Tr\u00eas passageiros ca\u00edram na \u00e1gua e foram resgatados por equipes que chegaram rapidamente ao local. Enquanto duas v\u00edtimas foram retiradas sem risco de morte, o homem foi levado ao Hospital Municipal de S\u00e3o Vicente, mas n\u00e3o sobreviveu a uma parada cardiorrespirat\u00f3ria.<\/p>\n<\/div>\n<\/div>\n<div id=\"chunk-7mvqr\">\n<div class=\"row medium-uncollapsed content-media content-photo\" data-block-type=\"backstage-photo\" data-block-id=\"26\">\n<div class=\" mc-column  content-media__container\">\n<div class=\"content-media-container glb-skeleton-box\">\n<div id=\"chunk-9uoge\">\n<div class=\"mc-column content-text active-extra-styles\" data-block-type=\"raw\" data-block-weight=\"3\" data-block-id=\"27\">\n<ul class=\"content-unordered-list\" data-mrf-recirculation=\"Recomendado\">\n<li><strong>Turista \u00e0 deriva<\/strong><\/li>\n<\/ul>\n<p>Em 29 de janeiro de 2017, a jovem Vanessa Oliveira Santos, \u00e0 \u00e9poca com 18 anos, e o piloto de uma moto aqu\u00e1tica foram resgatados por um policial militar ap\u00f3s ficarem \u00e0 deriva na Garganta do Diabo. Vanessa, que morava em S\u00e3o Paulo e passava o fim de semana em S\u00e3o Vicente, pediu ao piloto que a levasse para um passeio, mas a embarca\u00e7\u00e3o virou minutos depois da partida.<\/p>\n<\/div>\n<\/div>\n<div id=\"chunk-c85cc\">\n<div class=\"mc-column content-text active-extra-styles \" data-block-type=\"unstyled\" data-block-weight=\"69\" data-block-id=\"28\">\n<div id=\"chunk-aj10p\">\n<div class=\"mc-column content-text active-extra-styles \" data-block-type=\"unstyled\" data-block-weight=\"36\" data-block-id=\"30\">\n<p class=\" content-text__container \" data-track-category=\"Link no Texto\" data-track-links=\"\" data-mrf-recirculation=\"Article links\">Testemunhas informaram que ambos estavam usando coletes salva-vidas, o que lhes permitiu flutuar enquanto aguardavam ajuda. Um tenente da Pol\u00edcia Militar, que estava pr\u00f3ximo \u00e0 Ilha Porchat, foi alertado pela popula\u00e7\u00e3o e conseguiu realizar o resgate.<\/p>\n<div id=\"chunk-d1pj2\">\n<div class=\"mc-column content-text active-extra-styles\" data-block-type=\"raw\" data-block-weight=\"2\" data-block-id=\"32\">\n<ul class=\"content-unordered-list\" data-mrf-recirculation=\"Recomendado\">\n<li><strong>Pane mec\u00e2nica<\/strong><\/li>\n<\/ul>\n<p>Em 14 de janeiro de 2022, uma lancha com surfistas enfrentou uma pane mec\u00e2nica e ficou \u00e0 deriva em S\u00e3o Vicente, nas proximidades da Garganta do Diabo. O eixo e a h\u00e9lice da embarca\u00e7\u00e3o, que realizava um passeio com turistas da capital, quebraram e ela ficou sem condi\u00e7\u00f5es de navega\u00e7\u00e3o.<\/p>\n<\/div>\n<\/div>\n<div id=\"chunk-6skrg\">\n<div class=\"mc-column content-text active-extra-styles \" data-block-type=\"unstyled\" data-block-weight=\"31\" data-block-id=\"34\">\n<p class=\" content-text__container \" data-track-category=\"Link no Texto\" data-track-links=\"\" data-mrf-recirculation=\"Article links\">Policiais da corpora\u00e7\u00e3o mar\u00edtima realizaram o reboque da lancha com uma embarca\u00e7\u00e3o patrulha e a levaram at\u00e9 a marina mais pr\u00f3xima. Todos os tripulantes e o condutor foram resgatados em seguran\u00e7a.<\/p>\n<p data-track-category=\"Link no Texto\" data-track-links=\"\" data-mrf-recirculation=\"Article links\">Fonte: G1<\/p>\n<\/div>\n<\/div>\n<\/div>\n<\/div>\n<div id=\"chunk-a12a9\">\n<div class=\"row medium-uncollapsed content-media content-photo\" data-block-type=\"backstage-photo\" data-block-id=\"31\">\n<div class=\"content-media-container glb-skeleton-box\"><\/div>\n<\/div>\n<\/div>\n<\/div>\n<\/div>\n<\/div>\n<\/div>\n<\/div>\n<\/div>\n<\/div>\n<\/div>\n<\/div>\n<\/div>\n<\/div>\n<\/div>\n<\/div>\n<\/div>\n<\/div>\n<\/div>\n<\/div>\n<\/div>\n<div class=\"media-control media-control-hide h720 w960\">\n<div class=\"media-control-panel__modal\"><\/div>\n<\/div>\n<\/div>\n<\/div>\n<\/section>\n<\/article>\n<\/div>\n<\/div>\n<\/div>\n<\/div>\n<\/div>\n<\/div>\n<\/div>\n","protected":false},"excerpt":{"rendered":"<p>A regi\u00e3o conhecida como Garganta do Diabo, em\u00a0S\u00e3o Vicente (SP), onde uma\u00a0embarca\u00e7\u00e3o com\u00a0sete pessoas a bordo naufragou, no \u00faltimo domingo (29),\u00a0tem um hist\u00f3rico de acidentes&#8230;<\/p>\n","protected":false},"author":1527,"featured_media":54450,"comment_status":"closed","ping_status":"closed","sticky":false,"template":"","format":"standard","meta":{"footnotes":""},"categories":[6],"tags":[],"class_list":["post-54448","post","type-post","status-publish","format-standard","has-post-thumbnail","hentry","category-noticias"],"_links":{"self":[{"href":"https:\/\/www.sincomam.org.br\/index.php\/wp-json\/wp\/v2\/posts\/54448","targetHints":{"allow":["GET"]}}],"collection":[{"href":"https:\/\/www.sincomam.org.br\/index.php\/wp-json\/wp\/v2\/posts"}],"about":[{"href":"https:\/\/www.sincomam.org.br\/index.php\/wp-json\/wp\/v2\/types\/post"}],"author":[{"embeddable":true,"href":"https:\/\/www.sincomam.org.br\/index.php\/wp-json\/wp\/v2\/users\/1527"}],"replies":[{"embeddable":true,"href":"https:\/\/www.sincomam.org.br\/index.php\/wp-json\/wp\/v2\/comments?post=54448"}],"version-history":[{"count":1,"href":"https:\/\/www.sincomam.org.br\/index.php\/wp-json\/wp\/v2\/posts\/54448\/revisions"}],"predecessor-version":[{"id":54451,"href":"https:\/\/www.sincomam.org.br\/index.php\/wp-json\/wp\/v2\/posts\/54448\/revisions\/54451"}],"wp:featuredmedia":[{"embeddable":true,"href":"https:\/\/www.sincomam.org.br\/index.php\/wp-json\/wp\/v2\/media\/54450"}],"wp:attachment":[{"href":"https:\/\/www.sincomam.org.br\/index.php\/wp-json\/wp\/v2\/media?parent=54448"}],"wp:term":[{"taxonomy":"category","embeddable":true,"href":"https:\/\/www.sincomam.org.br\/index.php\/wp-json\/wp\/v2\/categories?post=54448"},{"taxonomy":"post_tag","embeddable":true,"href":"https:\/\/www.sincomam.org.br\/index.php\/wp-json\/wp\/v2\/tags?post=54448"}],"curies":[{"name":"wp","href":"https:\/\/api.w.org\/{rel}","templated":true}]}}