{"id":54444,"date":"2024-10-03T06:38:29","date_gmt":"2024-10-03T09:38:29","guid":{"rendered":"http:\/\/www.sincomam.org.br\/?p=54444"},"modified":"2024-10-04T08:42:30","modified_gmt":"2024-10-04T11:42:30","slug":"marinha-e-transpetro-firmam-parceria-estrategica-no-dia-maritimo-mundial","status":"publish","type":"post","link":"https:\/\/www.sincomam.org.br\/index.php\/marinha-e-transpetro-firmam-parceria-estrategica-no-dia-maritimo-mundial\/","title":{"rendered":"Marinha e Transpetro firmam parceria estrat\u00e9gica no Dia Mar\u00edtimo Mundial"},"content":{"rendered":"<p class=\"text-align-justify\">A Marinha do Brasil (MB) e a Transpetro assinaram, nesta segunda-feira (30), um protocolo de inten\u00e7\u00f5es para fortalecer a mentalidade e o poder mar\u00edtimo brasileiro, com contribui\u00e7\u00e3o direta para a defesa e o desenvolvimento do Pa\u00eds. A assinatura do acordo ocorreu na Ilha Fiscal, no Rio de Janeiro (RJ), pouco antes da cerim\u00f4nia do Dia Mar\u00edtimo Mundial, que neste ano teve como tema: &#8220;Navegando o futuro: seguran\u00e7a em primeiro lugar&#8221;. A proposta \u00e9 refletir sobre a necessidade de equil\u00edbrio entre inova\u00e7\u00e3o e responsabilidade.<\/p>\n<p class=\"text-align-justify\">Durante a cerim\u00f4nia do Dia Mar\u00edtimo Mundial, promovida pela Diretoria de Portos e Costas, foram entregues as Medalhas M\u00e9rito Mar\u00edtimo aos aquavi\u00e1rios da Marinha Mercante brasileira, que se distinguiram pela dedica\u00e7\u00e3o \u00e0 profiss\u00e3o, boa conduta, interesse no aprimoramento de conhecimentos \u00a0e quantidade de dias de embarque. Tamb\u00e9m houve a entrega do Distintivo de Comodoro ao Capit\u00e3o de Longo Curso (CLC) Walter Albuquerque da Silva, \u00a0em reconhecimento ao posto de Comandante mais antigo da Marinha Mercante, com mais de quatro mil dias de embarque na carreira.<\/p>\n<p class=\"text-align-justify\">\u201cHoje, nos reunimos para reverenciar toda a comunidade mar\u00edtima, de terra e do mar, aqueles que diuturnamente buscam n\u00e3o somente sua subsist\u00eancia, mas tamb\u00e9m o crescimento econ\u00f4mico de nosso Pa\u00eds. A vida de sacrif\u00edcios e abnega\u00e7\u00f5es tem um prop\u00f3sito: promover o desenvolvimento do Brasil como na\u00e7\u00e3o al\u00e7ando-o ao patamar que \u00e9 devido, ao figurar entre as grandes na\u00e7\u00f5es mundiais. Por este motivo, a Marinha do Brasil escolheu o Dia Mar\u00edtimo Mundial para homenagear essa classe t\u00e3o importante (&#8230;) aos bravos marinheiros que se dedicam a fortalecer o Brasil como na\u00e7\u00e3o\u201d, explicou o Diretor de Portos e Costas, Vice-Almirante Carlos Andr\u00e9 Coronha Macedo.<\/p>\n<p class=\"text-align-justify\">A Embaixadora Mar\u00edtima da Boa Vontade da IMO no Brasil, Capit\u00e3o de Longo Curso da Marinha Mercante Fabiana Vila Nova Durant da Silva, refor\u00e7ou o lema deste ano que \u201capela a um esfor\u00e7o coletivo para garantir que acompanhamos a transforma\u00e7\u00e3o em curso no transporte mar\u00edtimo. Na IMO, devemos garantir o desenvolvimento e a implementa\u00e7\u00e3o cont\u00ednuos do regime regulamentar para dar prioridade \u00e0 seguran\u00e7a \u00e0 medida que avan\u00e7amos para o futuro\u201d.<\/p>\n<h6 class=\"text-align-justify\"><strong>Dia Mar\u00edtimo Mundial<\/strong><\/h6>\n<p class=\"text-align-justify\">Criado com objetivo de conscientizar sobre a relev\u00e2ncia do mar para a economia global, seguran\u00e7a da navega\u00e7\u00e3o e o meio ambiente, o Dia Mar\u00edtimo Mundial foi institu\u00eddo em 1978 pela Organiza\u00e7\u00e3o Mar\u00edtima Internacional (IMO), ag\u00eancia especializada da Organiza\u00e7\u00e3o das Na\u00e7\u00f5es Unidas respons\u00e1vel pela seguran\u00e7a e prote\u00e7\u00e3o do transporte mar\u00edtimo e pela preven\u00e7\u00e3o da polui\u00e7\u00e3o marinha e atmosf\u00e9rica por navios.<\/p>\n<p class=\"text-align-justify\">A IMO \u00e9 a autoridade global de defini\u00e7\u00e3o de padr\u00f5es para a seguran\u00e7a, prote\u00e7\u00e3o e desempenho ambiental do transporte internacional. No Brasil, a Marinha atua como Autoridade Mar\u00edtima \u00a0e contribui para cria\u00e7\u00e3o e atualiza\u00e7\u00e3o de normas sobre o uso do mar, considerando o desenvolvimento socioecon\u00f4mico e a preserva\u00e7\u00e3o do meio ambiente.<\/p>\n<h6 class=\"text-align-justify\"><strong>Por que o mar \u00e9 t\u00e3o importante?<\/strong><\/h6>\n<p class=\"text-align-justify\">Al\u00e9m de paisagens e praias paradis\u00edacas que atraem turistas do mundo inteiro, o mar brasileiro representa um pilar fundamental para a economia do Pa\u00eds, movimentando milh\u00f5es nas \u00e1reas de transporte, tecnologia, sustentabilidade, social e entre outras.<\/p>\n<p class=\"text-align-justify\">O transporte mar\u00edtimo \u00e9 essencial para o com\u00e9rcio exterior brasileiro, deslocando grandes volumes de carga entre os portos nacionais e internacionais. Ainda contribui para a gera\u00e7\u00e3o de empregos e renda para aqueles que dedicam a vida ao mar, como marinheiros e pescadores.<\/p>\n<p class=\"text-align-justify\">O oceano tamb\u00e9m ajuda a regular o clima, fornece alimentos e \u00e9 habitat para diversas esp\u00e9cies de animais e vegetais. Da\u00ed, a import\u00e2ncia de conciliar o desenvolvimento econ\u00f4mico e tecnol\u00f3gico com a preserva\u00e7\u00e3o ambiental.<br \/>\nDevido \u00e0 tamanha riqueza natural proveniente do mar brasileiro, a seguran\u00e7a da Amaz\u00f4nia Azul, bem como a garantia da soberania nacional, implica em investimentos na ind\u00fastria naval e na defesa. A amplia\u00e7\u00e3o da capacidade operacional da For\u00e7a Naval possibilita a adequada vigil\u00e2ncia, prote\u00e7\u00e3o e manuten\u00e7\u00e3o da integridade das fronteiras mar\u00edtimas e da P\u00e1tria. J\u00e1 a constru\u00e7\u00e3o e a repara\u00e7\u00e3o de navios e de portos s\u00e3o setores importantes da economia, gerando tecnologia e inova\u00e7\u00e3o.<\/p>\n<p>Fonte: Ag\u00eancia Marinha de Not\u00edcias<\/p>\n","protected":false},"excerpt":{"rendered":"<p>A Marinha do Brasil (MB) e a Transpetro assinaram, nesta segunda-feira (30), um protocolo de inten\u00e7\u00f5es para fortalecer a mentalidade e o poder mar\u00edtimo brasileiro,&#8230;<\/p>\n","protected":false},"author":1527,"featured_media":54446,"comment_status":"closed","ping_status":"closed","sticky":false,"template":"","format":"standard","meta":{"footnotes":""},"categories":[6],"tags":[],"class_list":["post-54444","post","type-post","status-publish","format-standard","has-post-thumbnail","hentry","category-noticias"],"_links":{"self":[{"href":"https:\/\/www.sincomam.org.br\/index.php\/wp-json\/wp\/v2\/posts\/54444","targetHints":{"allow":["GET"]}}],"collection":[{"href":"https:\/\/www.sincomam.org.br\/index.php\/wp-json\/wp\/v2\/posts"}],"about":[{"href":"https:\/\/www.sincomam.org.br\/index.php\/wp-json\/wp\/v2\/types\/post"}],"author":[{"embeddable":true,"href":"https:\/\/www.sincomam.org.br\/index.php\/wp-json\/wp\/v2\/users\/1527"}],"replies":[{"embeddable":true,"href":"https:\/\/www.sincomam.org.br\/index.php\/wp-json\/wp\/v2\/comments?post=54444"}],"version-history":[{"count":3,"href":"https:\/\/www.sincomam.org.br\/index.php\/wp-json\/wp\/v2\/posts\/54444\/revisions"}],"predecessor-version":[{"id":54466,"href":"https:\/\/www.sincomam.org.br\/index.php\/wp-json\/wp\/v2\/posts\/54444\/revisions\/54466"}],"wp:featuredmedia":[{"embeddable":true,"href":"https:\/\/www.sincomam.org.br\/index.php\/wp-json\/wp\/v2\/media\/54446"}],"wp:attachment":[{"href":"https:\/\/www.sincomam.org.br\/index.php\/wp-json\/wp\/v2\/media?parent=54444"}],"wp:term":[{"taxonomy":"category","embeddable":true,"href":"https:\/\/www.sincomam.org.br\/index.php\/wp-json\/wp\/v2\/categories?post=54444"},{"taxonomy":"post_tag","embeddable":true,"href":"https:\/\/www.sincomam.org.br\/index.php\/wp-json\/wp\/v2\/tags?post=54444"}],"curies":[{"name":"wp","href":"https:\/\/api.w.org\/{rel}","templated":true}]}}