{"id":54432,"date":"2024-10-03T06:27:08","date_gmt":"2024-10-03T09:27:08","guid":{"rendered":"http:\/\/www.sincomam.org.br\/?p=54432"},"modified":"2024-10-02T21:33:44","modified_gmt":"2024-10-03T00:33:44","slug":"tcu-suspende-incentivo-de-lula-a-construcao-de-navios-por-ferir-lei-de-responsabilidade-fiscal","status":"publish","type":"post","link":"https:\/\/www.sincomam.org.br\/index.php\/tcu-suspende-incentivo-de-lula-a-construcao-de-navios-por-ferir-lei-de-responsabilidade-fiscal\/","title":{"rendered":"TCU suspende incentivo de Lula \u00e0 constru\u00e7\u00e3o de navios por ferir Lei de Responsabilidade Fiscal"},"content":{"rendered":"<p>O ministro do Tribunal de Contas da Uni\u00e3o (TCU) Jorge Oliveira suspendeu os efeitos de medida provis\u00f3ria (MP 1.255) do governo Lula que previa incentivo tribut\u00e1rio \u00e0 ind\u00fastria naval. Foi atendida uma medida cautelar proposta pelo senador Ciro Nogueira (PP-PI).<\/p>\n<p>No entendimento do relator, o incentivo \u201cofende\u201d o artigo 14 da Lei de Responsabilidade Fiscal (LRF). Este dispositivo diz que a concess\u00e3o destes benef\u00edcios deve ser acompanhada de estimativa do impacto or\u00e7ament\u00e1rio, demonstrando que a ren\u00fancia n\u00e3o afeta metas fiscais e apontando medidas de compensa\u00e7\u00e3o \u00e0 perda de receitas.<\/p>\n<p>A MP prop\u00f5e usar R$ 1,6 bilh\u00e3o em recursos or\u00e7ament\u00e1rios do futuro em um programa de deprecia\u00e7\u00e3o acelerada, incentivando a constru\u00e7\u00e3o de navios-tanque para cabotagem de petr\u00f3leo e derivados na costa brasileira. A expectativa era de que isso gerasse 15 novas embarca\u00e7\u00f5es.<\/p>\n<p>Toda vez que adquire bens de capital, uma ind\u00fastria pode abater o valor dessas m\u00e1quinas ao pagar IRPJ e CSLL no futuro. Com a deprecia\u00e7\u00e3o acelerada, o abatimento pode ocorrer antes que o previsto, refor\u00e7ando o caixa das empresas. N\u00e3o se trata de uma desonera\u00e7\u00e3o, mas de uma mudan\u00e7a no fluxo do dinheiro que entra nos cofres p\u00fablicos.<\/p>\n<p>De acordo com a MP, o benef\u00edcio seria utilizado para embarca\u00e7\u00f5es compradas at\u00e9 o fim de 2026 e teria vig\u00eancia de 2027 a 2031. Assim, os custos da ren\u00fancia fiscal constariam nas pe\u00e7as or\u00e7ament\u00e1rias a partir de 2027.<\/p>\n<p>\u201cA men\u00e7\u00e3o a uma futura previs\u00e3o da ren\u00fancia na lei or\u00e7ament\u00e1ria n\u00e3o passa de mera \u2018promessa\u2019 de cumprimento da LRF, o que certamente fragiliza o regime de controle or\u00e7ament\u00e1rio-fiscal das contas p\u00fablicas e a seguran\u00e7a jur\u00eddica dos contribuintes\u201d, indicou Ciro Nogueira em sua representa\u00e7\u00e3o, deferida.<\/p>\n<p>Ao suspender a habilita\u00e7\u00e3o de pessoas jur\u00eddicas ao programa, o TCU determinou que o Minist\u00e9rio do Planejamento e Or\u00e7amento (MPO) e a Receita Federal apresentem notas t\u00e9cnicas e outros materiais abordando os efeitos fiscais e o cumprimento do artigo 14 da LRF.<\/p>\n<p>Em sua decis\u00e3o, Oliveira menciona ainda que, segundo proje\u00e7\u00e3o da Receita, em 2024 o governo deixar\u00e1 de arrecadar R$ 512 bilh\u00f5es em raz\u00e3o dos benef\u00edcios tribut\u00e1rios \u2014 isso me meio \u00e0 tentativa da gest\u00e3o federal em reduzir o patamar deste tipo de incentivo, que esvazia os cofres p\u00fablicos.<\/p>\n<p>Fonte: CNN Brasil<\/p>\n","protected":false},"excerpt":{"rendered":"<p>O ministro do Tribunal de Contas da Uni\u00e3o (TCU) Jorge Oliveira suspendeu os efeitos de medida provis\u00f3ria (MP 1.255) do governo Lula que previa incentivo&#8230;<\/p>\n","protected":false},"author":1527,"featured_media":54434,"comment_status":"closed","ping_status":"closed","sticky":false,"template":"","format":"standard","meta":{"footnotes":""},"categories":[6],"tags":[],"class_list":["post-54432","post","type-post","status-publish","format-standard","has-post-thumbnail","hentry","category-noticias"],"_links":{"self":[{"href":"https:\/\/www.sincomam.org.br\/index.php\/wp-json\/wp\/v2\/posts\/54432","targetHints":{"allow":["GET"]}}],"collection":[{"href":"https:\/\/www.sincomam.org.br\/index.php\/wp-json\/wp\/v2\/posts"}],"about":[{"href":"https:\/\/www.sincomam.org.br\/index.php\/wp-json\/wp\/v2\/types\/post"}],"author":[{"embeddable":true,"href":"https:\/\/www.sincomam.org.br\/index.php\/wp-json\/wp\/v2\/users\/1527"}],"replies":[{"embeddable":true,"href":"https:\/\/www.sincomam.org.br\/index.php\/wp-json\/wp\/v2\/comments?post=54432"}],"version-history":[{"count":1,"href":"https:\/\/www.sincomam.org.br\/index.php\/wp-json\/wp\/v2\/posts\/54432\/revisions"}],"predecessor-version":[{"id":54435,"href":"https:\/\/www.sincomam.org.br\/index.php\/wp-json\/wp\/v2\/posts\/54432\/revisions\/54435"}],"wp:featuredmedia":[{"embeddable":true,"href":"https:\/\/www.sincomam.org.br\/index.php\/wp-json\/wp\/v2\/media\/54434"}],"wp:attachment":[{"href":"https:\/\/www.sincomam.org.br\/index.php\/wp-json\/wp\/v2\/media?parent=54432"}],"wp:term":[{"taxonomy":"category","embeddable":true,"href":"https:\/\/www.sincomam.org.br\/index.php\/wp-json\/wp\/v2\/categories?post=54432"},{"taxonomy":"post_tag","embeddable":true,"href":"https:\/\/www.sincomam.org.br\/index.php\/wp-json\/wp\/v2\/tags?post=54432"}],"curies":[{"name":"wp","href":"https:\/\/api.w.org\/{rel}","templated":true}]}}