{"id":54427,"date":"2024-10-02T09:09:02","date_gmt":"2024-10-02T12:09:02","guid":{"rendered":"http:\/\/www.sincomam.org.br\/?p=54427"},"modified":"2024-10-02T09:09:18","modified_gmt":"2024-10-02T12:09:18","slug":"semana-de-4-dias-por-que-empresas-topam-gastar-mais-para-fazer-o-sistema-funcionar","status":"publish","type":"post","link":"https:\/\/www.sincomam.org.br\/index.php\/semana-de-4-dias-por-que-empresas-topam-gastar-mais-para-fazer-o-sistema-funcionar\/","title":{"rendered":"Semana de 4 dias: por que empresas topam gastar mais para fazer o sistema funcionar"},"content":{"rendered":"<div id=\"chunk-94mr8\">\n<div class=\"mc-column content-text active-extra-styles \" data-block-type=\"unstyled\" data-block-weight=\"33\" data-block-id=\"3\">\n<p class=\" content-text__container \" data-track-category=\"Link no Texto\" data-track-links=\"\" data-mrf-recirculation=\"Article links\">Para implementar a semana de quatro dias de trabalho em uma empresa, n\u00e3o basta avisar os funcion\u00e1rios: &#8220;Ei, pessoal! A partir de segunda-feira, todo mundo vai ganhar um dia a mais de folga.&#8221;<\/p>\n<\/div>\n<\/div>\n<div class=\"wall protected-content\">\n<div id=\"chunk-1b7s2\">\n<div class=\"mc-column content-text active-extra-styles \" data-block-type=\"unstyled\" data-block-weight=\"46\" data-block-id=\"5\">\n<p class=\" content-text__container \" data-track-category=\"Link no Texto\" data-track-links=\"\" data-mrf-recirculation=\"Article links\">As companhias que participaram de um experimento sobre a jornada reduzida no Brasil tiveram que\u00a0fazer uma s\u00e9rie de adapta\u00e7\u00f5es\u00a0para o novo modelo funcionar. \u00c9 que o objetivo era manter 100% da produtividade (e dos sal\u00e1rios), mesmo com as horas a menos de trabalho.<\/p>\n<\/div>\n<\/div>\n<div id=\"chunk-3g1ni\">\n<div class=\"mc-column content-text active-extra-styles \" data-block-type=\"unstyled\" data-block-weight=\"42\" data-block-id=\"6\">\n<p class=\" content-text__container \" data-track-category=\"Link no Texto\" data-track-links=\"\" data-mrf-recirculation=\"Article links\">Al\u00e9m de adotar um planejamento rigoroso e novas estrat\u00e9gias de produtividade, as participantes tamb\u00e9m perceberam que passaram a ter\u00a0gastos extras\u00a0com novas contrata\u00e7\u00f5es e tecnologia.\u00a0<span class=\"highlight highlighted\">Um ter\u00e7o das empresas participantes precisaram refor\u00e7ar suas equipes<\/span>, segundo o\u00a0relat\u00f3rio final do projeto.<\/p>\n<\/div>\n<\/div>\n<div id=\"chunk-99jf7\">\n<div class=\"content-ads content-ads--reveal\" data-block-type=\"ads\" data-block-id=\"7\">\n<div id=\"banner_materia2\" class=\"tag-manager-publicidade-container mc-has-reveal mc-has-ad-lazyload tag-manager-publicidade-banner_materia2 tag-manager-publicidade-container--carregado tag-manager-publicidade-container--visivel\" data-id=\"banner_materia2\" data-google-query-id=\"CPT486TU74gDFQs9uQYdrok4cQ\">\n<div id=\"chunk-12c22\">\n<div class=\"mc-column content-text active-extra-styles \" data-block-type=\"unstyled\" data-block-weight=\"31\" data-block-id=\"10\">\n<p class=\" content-text__container \" data-track-category=\"Link no Texto\" data-track-links=\"\" data-mrf-recirculation=\"Article links\">\u201cTeve custo inicial de 3% a 4% da nossa empresa. \u00c9 dif\u00edcil fazer mudan\u00e7as sem investimento&#8221;, diz Soraya Clementino, s\u00f3cia-fundadora do escrit\u00f3rio de advocacia Clementino e Teixeira, de\u00a0S\u00e3o Paulo (SP).<\/p>\n<\/div>\n<\/div>\n<div id=\"chunk-41d17\">\n<div class=\"mc-column content-text active-extra-styles \" data-block-type=\"unstyled\" data-block-weight=\"33\" data-block-id=\"11\">\n<p class=\" content-text__container \" data-track-category=\"Link no Texto\" data-track-links=\"\" data-mrf-recirculation=\"Article links\">Por l\u00e1, foi necess\u00e1rio contratar mais um funcion\u00e1rio, para compor a equipe de 15 pessoas. Tamb\u00e9m foi necess\u00e1rio implementar uma ferramenta de intelig\u00eancia artificial para otimizar a realiza\u00e7\u00e3o de parte das tarefas.<\/p>\n<div id=\"chunk-7log6\">\n<div class=\"mc-column content-text active-extra-styles \" data-block-type=\"unstyled\" data-block-weight=\"47\" data-block-id=\"13\">\n<p class=\" content-text__container \" data-track-category=\"Link no Texto\" data-track-links=\"\" data-mrf-recirculation=\"Article links\">Para Cl\u00e1udia Carmello, s\u00f3cia-fundadora da ag\u00eancia de publicidade PiU Comunica, que tamb\u00e9m aderiu ao projeto em S\u00e3o Paulo (SP), o gasto com m\u00e3o de obra e tecnologia vai valer a pena por causa da\u00a0<span class=\"highlight highlighted\">atra\u00e7\u00e3o e reten\u00e7\u00e3o de talentos<\/span>\u00a0que a semana de quatro dias proporciona.<\/p>\n<\/div>\n<\/div>\n<div id=\"chunk-7aqb3\">\n<div class=\"mc-column content-text active-extra-styles \" data-block-type=\"unstyled\" data-block-weight=\"26\" data-block-id=\"14\">\n<p class=\" content-text__container \" data-track-category=\"Link no Texto\" data-track-links=\"\" data-mrf-recirculation=\"Article links\">Ela reconhece, por\u00e9m, que os seis meses do experimento ainda s\u00e3o um &#8220;tempo curto para fazer essa conta&#8221;.<strong><em>\u00a0<\/em><\/strong><em>(veja abaixo dados sobre as percep\u00e7\u00f5es dos participantes)<\/em><\/p>\n<div id=\"chunk-9rud6\">\n<div class=\"mc-column content-text active-extra-styles \" data-block-type=\"unstyled\" data-block-weight=\"33\" data-block-id=\"16\">\n<p class=\" content-text__container \" data-track-category=\"Link no Texto\" data-track-links=\"\" data-mrf-recirculation=\"Article links\">Para a professora de gest\u00e3o em pessoas Lina Eiko Nakata, do Insper,\u00a0<span class=\"highlight highlighted\">\u00e9 essencial que as empresas que desejam testar a semana de quatro dias tenham um capital extra para cobrir eventuais situa\u00e7\u00f5es.<\/span><\/p>\n<\/div>\n<\/div>\n<div id=\"chunk-fctkb\">\n<div class=\"mc-column content-text active-extra-styles \" data-block-type=\"unstyled\" data-block-weight=\"34\" data-block-id=\"17\">\n<p class=\" content-text__container \" data-track-category=\"Link no Texto\" data-track-links=\"\" data-mrf-recirculation=\"Article links\">No caso do experimento em quest\u00e3o, uma iniciativa da &#8220;4 Day Week Brazil&#8221;, a pr\u00f3pria participa\u00e7\u00e3o no projeto \u00e9 paga: custa a partir de R$ 7 mil, a depender do tamanho da empresa.<\/p>\n<\/div>\n<\/div>\n<div id=\"chunk-etnah\">\n<div class=\"mc-column content-text active-extra-styles \" data-block-type=\"unstyled\" data-block-weight=\"34\" data-block-id=\"18\">\n<p class=\" content-text__container \" data-track-category=\"Link no Texto\" data-track-links=\"\" data-mrf-recirculation=\"Article links\">Nesta primeira edi\u00e7\u00e3o no Brasil,\u00a019 empresas conclu\u00edram o teste. As companhias s\u00e3o de cinco cidades em quatro estados (SP, RJ, MG e PR) e participaram do projeto com, no m\u00e1ximo, 25 colaboradores.<\/p>\n<\/div>\n<\/div>\n<div id=\"chunk-1qc0c\">\n<div class=\"mc-column content-text active-extra-styles \" data-block-type=\"unstyled\" data-block-weight=\"34\" data-block-id=\"19\">\n<p class=\" content-text__container \" data-track-category=\"Link no Texto\" data-track-links=\"\" data-mrf-recirculation=\"Article links\">A maioria \u00e9 da \u00e1rea de tecnologia, comunica\u00e7\u00e3o e consultoria, mas um hospital tamb\u00e9m participou, com funcion\u00e1rios da \u00e1rea administrativa. A segunda edi\u00e7\u00e3o do projeto est\u00e1 com inscri\u00e7\u00f5es abertas at\u00e9 o fim de setembro.<\/p>\n<div id=\"chunk-70koq\">\n<div class=\"mc-column content-text active-extra-styles\" data-block-type=\"raw\" data-block-weight=\"3\" data-block-id=\"22\">\n<div class=\"content-intertitle\">\n<h2>Funcion\u00e1rio empresa<\/h2>\n<\/div>\n<p>Atrair e manter funcion\u00e1rios na empresa eram desafios que as participantes do experimento procuravam resolver quando aderiram \u00e0 semana de quatro dias. Ap\u00f3s seis meses de testes, parte dos gestores j\u00e1 percebeu mudan\u00e7as.<\/p>\n<\/div>\n<\/div>\n<div id=\"chunk-8kj7j\">\n<div class=\"mc-column content-text active-extra-styles \" data-block-type=\"unstyled\" data-block-weight=\"35\" data-block-id=\"24\">\n<p class=\" content-text__container \" data-track-category=\"Link no Texto\" data-track-links=\"\" data-mrf-recirculation=\"Article links\">De acordo com o relat\u00f3rio final do projeto, 66,7% das empresas relataram que\u00a0<span class=\"highlight highlighted\">a capacidade de recrutar novos talentos aumentou<\/span>.\u00a0J\u00e1 a rotatividade de colaboradores permaneceu est\u00e1vel para 75% das empresas e diminuiu para 25%.<\/p>\n<div id=\"chunk-cnou5\">\n<div class=\"mc-column content-text active-extra-styles \" data-block-type=\"unstyled\" data-block-weight=\"29\" data-block-id=\"26\">\n<p class=\" content-text__container \" data-track-category=\"Link no Texto\" data-track-links=\"\" data-mrf-recirculation=\"Article links\">Ao fim do projeto, quase metade dos funcion\u00e1rios tamb\u00e9m afirmou que a rela\u00e7\u00e3o com o l\u00edder melhorou, e mais de 65% perceberam um\u00a0<span class=\"highlight highlighted\">aumento do comprometimento com a empresa.<\/span><\/p>\n<\/div>\n<\/div>\n<div id=\"chunk-5udsm\">\n<div class=\"mc-column content-text active-extra-styles \" data-block-type=\"unstyled\" data-block-weight=\"20\" data-block-id=\"27\">\n<p class=\" content-text__container \" data-track-category=\"Link no Texto\" data-track-links=\"\" data-mrf-recirculation=\"Article links\">Por fim, muitos n\u00e3o mudariam de emprego, nem com um sal\u00e1rio maior, para voltar a trabalhar cinco dias por semana:<\/p>\n<\/div>\n<\/div>\n<div id=\"chunk-c4mba\">\n<div class=\"mc-column content-text active-extra-styles\" data-block-type=\"raw\" data-block-weight=\"31\" data-block-id=\"28\">\n<ul class=\"content-unordered-list\" data-mrf-recirculation=\"Recomendado\">\n<li>16,7% n\u00e3o mudariam de emprego,\u00a0<strong>independentemente do valor oferecido<\/strong>, para trabalhar cinco dias;<\/li>\n<li>40,4%\u00a0<strong>precisariam de um reajuste salarial de mais de 50%<\/strong>\u00a0para considerar retornar \u00e0 jornada de trabalho &#8220;cheia&#8221;.<\/li>\n<\/ul>\n<p>\u2b06\ufe0f Engajamento = \u2b06\ufe0f Produtividade<\/p>\n<\/div>\n<\/div>\n<div id=\"chunk-731ue\">\n<div class=\"mc-column content-text active-extra-styles\" data-block-type=\"raw\" data-block-weight=\"5\" data-block-id=\"29\">\n<p>Com um dia a menos de trabalho na semana, 81% dos funcion\u00e1rios que participaram do teste no Brasil relataram ter mais criatividade\u00a0e 87%,\u00a0mais energia\u00a0para a realiza\u00e7\u00e3o das tarefas.<\/p>\n<\/div>\n<\/div>\n<div id=\"chunk-ejidp\">\n<div class=\"mc-column content-text active-extra-styles \" data-block-type=\"unstyled\" data-block-weight=\"32\" data-block-id=\"30\">\n<div id=\"chunk-amm3g\">\n<div class=\"mc-column content-text active-extra-styles \" data-block-type=\"unstyled\" data-block-weight=\"22\" data-block-id=\"32\">\n<p class=\" content-text__container \" data-track-category=\"Link no Texto\" data-track-links=\"\" data-mrf-recirculation=\"Article links\">O\u00a0engajamento\u00a0aumentou para 60,3%, de acordo com o relat\u00f3rio final, e tudo isso contribuiu para\u00a0ampliar a produtividade, segundo 71,5%.<\/p>\n<\/div>\n<\/div>\n<div id=\"chunk-b29gr\">\n<div class=\"mc-column content-text active-extra-styles \" data-block-type=\"unstyled\" data-block-weight=\"20\" data-block-id=\"33\">\n<p class=\" content-text__container \" data-track-category=\"Link no Texto\" data-track-links=\"\" data-mrf-recirculation=\"Article links\">N\u00e3o \u00e0 toa, a alta lideran\u00e7a viu melhorias nos processos da empresa (83,3%) e no funcionamento das equipes (75%).<\/p>\n<\/div>\n<\/div>\n<div id=\"chunk-dn8fe\">\n<div class=\"mc-column content-text active-extra-styles \" data-block-type=\"unstyled\" data-block-weight=\"32\" data-block-id=\"34\">\n<p class=\" content-text__container \" data-track-category=\"Link no Texto\" data-track-links=\"\" data-mrf-recirculation=\"Article links\">Para a professora Nakata, do Insper, manter a produtividade com uma jornada reduzida de trabalho depende da\u00a0maturidade dos funcion\u00e1rios\u00a0para entender as prioridades e realizar as entregas dentro dos prazos.<\/p>\n<\/div>\n<\/div>\n<div id=\"chunk-coain\">\n<div class=\"mc-column content-text active-extra-styles \" data-block-type=\"unstyled\" data-block-weight=\"44\" data-block-id=\"35\">\n<p class=\" content-text__container \" data-track-category=\"Link no Texto\" data-track-links=\"\" data-mrf-recirculation=\"Article links\">Al\u00e9m disso, \u00e9 necess\u00e1rio observar a caracter\u00edstica da m\u00e3o de obra de cada empresa. &#8220;Se a gente pensa num trabalho mais operacional e previs\u00edvel, como numa linha de montagem, um dia a menos trabalhado \u00e9 um dia de produ\u00e7\u00e3o que voc\u00ea perde&#8221;, avalia.<\/p>\n<div id=\"chunk-f6s9d\">\n<div class=\"mc-column content-text active-extra-styles \" data-block-type=\"unstyled\" data-block-weight=\"32\" data-block-id=\"37\">\n<p class=\" content-text__container \" data-track-category=\"Link no Texto\" data-track-links=\"\" data-mrf-recirculation=\"Article links\">A empresa de design Greco, de\u00a0Belo Horizonte (MG), precisou fazer tr\u00eas novas contrata\u00e7\u00f5es durante o experimento da semana de quatro dias. O n\u00famero de funcion\u00e1rios passou de 19 para 22.<\/p>\n<\/div>\n<\/div>\n<div id=\"chunk-bidfg\">\n<div class=\"mc-column content-text active-extra-styles \" data-block-type=\"unstyled\" data-block-weight=\"35\" data-block-id=\"38\">\n<p class=\" content-text__container \" data-track-category=\"Link no Texto\" data-track-links=\"\" data-mrf-recirculation=\"Article links\">No entanto, o dono n\u00e3o sabe dizer se a medida foi necess\u00e1ria por causa da redu\u00e7\u00e3o da carga hor\u00e1ria. \u201cA gente cresceu, ent\u00e3o pode ser coincid\u00eancia. O volume de projetos aumentou&#8221;, diz Gustavo Greco.<\/p>\n<div id=\"chunk-ef6mn\">\n<div class=\"mc-column content-text active-extra-styles \" data-block-type=\"unstyled\" data-block-weight=\"34\" data-block-id=\"40\">\n<p class=\" content-text__container \" data-track-category=\"Link no Texto\" data-track-links=\"\" data-mrf-recirculation=\"Article links\">Das empresas participantes do projeto,\u00a0<span class=\"highlight highlighted\">72,7% observaram um aumento na receita durante os seis meses de teste<\/span>, enquanto 27,3% experimentaram uma diminui\u00e7\u00e3o. Em termos de lucros, 63,6% relataram crescimento, e 36,4% enfrentaram uma redu\u00e7\u00e3o.<\/p>\n<\/div>\n<\/div>\n<div id=\"chunk-4k79i\">\n<div class=\"mc-column content-text active-extra-styles \" data-block-type=\"unstyled\" data-block-weight=\"25\" data-block-id=\"41\">\n<p class=\" content-text__container \" data-track-category=\"Link no Texto\" data-track-links=\"\" data-mrf-recirculation=\"Article links\">O relat\u00f3rio destaca, por\u00e9m, que &#8220;a melhoria na receita e nos lucros n\u00e3o pode ser atribu\u00edda exclusivamente \u00e0 implementa\u00e7\u00e3o da semana de quatro dias&#8221;.<\/p>\n<\/div>\n<\/div>\n<div id=\"chunk-8i735\">\n<div class=\"mc-column content-text active-extra-styles \" data-block-type=\"unstyled\" data-block-weight=\"23\" data-block-id=\"42\">\n<p class=\" content-text__container \" data-track-category=\"Link no Texto\" data-track-links=\"\" data-mrf-recirculation=\"Article links\">A qualidade do servi\u00e7o apresentou um equil\u00edbrio, com 50% das empresas mantendo a qualidade. Um ter\u00e7o reportou melhora, enquanto 16,7% indicaram queda.<\/p>\n<p data-track-category=\"Link no Texto\" data-track-links=\"\" data-mrf-recirculation=\"Article links\">Fonte: G1<\/p>\n<\/div>\n<\/div>\n<\/div>\n<\/div>\n<\/div>\n<\/div>\n<\/div>\n<\/div>\n<\/div>\n<\/div>\n<\/div>\n<\/div>\n<\/div>\n<\/div>\n<\/div>\n<\/div>\n<\/div>\n<\/div>\n<\/div>\n<\/div>\n","protected":false},"excerpt":{"rendered":"<p>Para implementar a semana de quatro dias de trabalho em uma empresa, n\u00e3o basta avisar os funcion\u00e1rios: &#8220;Ei, pessoal! A partir de segunda-feira, todo mundo&#8230;<\/p>\n","protected":false},"author":1527,"featured_media":54429,"comment_status":"closed","ping_status":"closed","sticky":false,"template":"","format":"standard","meta":{"footnotes":""},"categories":[6],"tags":[],"class_list":["post-54427","post","type-post","status-publish","format-standard","has-post-thumbnail","hentry","category-noticias"],"_links":{"self":[{"href":"https:\/\/www.sincomam.org.br\/index.php\/wp-json\/wp\/v2\/posts\/54427","targetHints":{"allow":["GET"]}}],"collection":[{"href":"https:\/\/www.sincomam.org.br\/index.php\/wp-json\/wp\/v2\/posts"}],"about":[{"href":"https:\/\/www.sincomam.org.br\/index.php\/wp-json\/wp\/v2\/types\/post"}],"author":[{"embeddable":true,"href":"https:\/\/www.sincomam.org.br\/index.php\/wp-json\/wp\/v2\/users\/1527"}],"replies":[{"embeddable":true,"href":"https:\/\/www.sincomam.org.br\/index.php\/wp-json\/wp\/v2\/comments?post=54427"}],"version-history":[{"count":1,"href":"https:\/\/www.sincomam.org.br\/index.php\/wp-json\/wp\/v2\/posts\/54427\/revisions"}],"predecessor-version":[{"id":54430,"href":"https:\/\/www.sincomam.org.br\/index.php\/wp-json\/wp\/v2\/posts\/54427\/revisions\/54430"}],"wp:featuredmedia":[{"embeddable":true,"href":"https:\/\/www.sincomam.org.br\/index.php\/wp-json\/wp\/v2\/media\/54429"}],"wp:attachment":[{"href":"https:\/\/www.sincomam.org.br\/index.php\/wp-json\/wp\/v2\/media?parent=54427"}],"wp:term":[{"taxonomy":"category","embeddable":true,"href":"https:\/\/www.sincomam.org.br\/index.php\/wp-json\/wp\/v2\/categories?post=54427"},{"taxonomy":"post_tag","embeddable":true,"href":"https:\/\/www.sincomam.org.br\/index.php\/wp-json\/wp\/v2\/tags?post=54427"}],"curies":[{"name":"wp","href":"https:\/\/api.w.org\/{rel}","templated":true}]}}