{"id":5442,"date":"2014-05-13T08:25:45","date_gmt":"2014-05-13T11:25:45","guid":{"rendered":"http:\/\/www.sincomam.org.br\/?p=5442"},"modified":"2014-05-13T00:12:44","modified_gmt":"2014-05-13T03:12:44","slug":"graca-foster-sinaliza-avaliar-reajuste-da-gasolina-este-ano","status":"publish","type":"post","link":"https:\/\/www.sincomam.org.br\/index.php\/graca-foster-sinaliza-avaliar-reajuste-da-gasolina-este-ano\/","title":{"rendered":"Gra\u00e7a Foster sinaliza avaliar reajuste da gasolina este ano"},"content":{"rendered":"<p>A presidente da Petrobras, Gra\u00e7a Foster, sinalizou hoje que o pre\u00e7o dos combust\u00edveis pode voltar a subir neste ano.<\/p>\n<p>A executiva ponderou, por\u00e9m, que ser\u00e1 um ajuste &#8220;moderado&#8221;, sem repassar o movimento de curto prazo. &#8220;N\u00e3o vamos fazer um ajuste no curto prazo&#8221;, afirmou em teleconfer\u00eancia sobre os resultados da estatal.<\/p>\n<p>Gra\u00e7a n\u00e3o fixou nem data nem percentual, mas disse que a estatal &#8220;avalia&#8221; o aumento at\u00e9 dezembro.<\/p>\n<p>A executiva ponderou que \u00e9 preciso fazer o reajuste de pre\u00e7os de forma bastante moderada, tratando com aten\u00e7\u00e3o o mercado consumidor interno, j\u00e1 que tem praticamente 100% deste mercado. Gra\u00e7a Foster destacou que a empresa est\u00e1 implementando sua &#8220;metodologia de pre\u00e7os&#8221; e que tamb\u00e9m est\u00e1 em busca de redu\u00e7\u00e3o de custos.<\/p>\n<p>Segundo ela, a aprecia\u00e7\u00e3o do real nos \u00faltimos meses reduziu a defasagem de pre\u00e7os dos combust\u00edveis no mercado dom\u00e9stico, em rela\u00e7\u00e3o ao praticado no mercado externo.<\/p>\n<p>A redu\u00e7\u00e3o da paridade cambial, de R$ 2,3 por d\u00f3lar para R$ 2,2 &#8220;nos trouxe mais pr\u00f3ximos para a converg\u00eancia [de pre\u00e7os]&#8221;, afirmou, durante a teleconfer\u00eancia. &#8220;Enquanto perdura situa\u00e7\u00e3o em que n\u00e3o h\u00e1 paridade plena, temos que estar considerando o aumento de pre\u00e7o [dos combust\u00edveis]&#8221;, afirmou Gra\u00e7a.<\/p>\n<p>Ela acrescentou ainda que a discuss\u00e3o com o conselho de administra\u00e7\u00e3o da empresa, sobre o tema, \u00e9 permanente, sistem\u00e1tica e padronizada.<\/p>\n<p>A presidente da Petrobras reiterou ainda que a companhia deve investir US$ 40 bilh\u00f5es em 2014 e que os investimentos a partir do ano que vem, como sempre s\u00e3o feitos, v\u00e3o depender da realiza\u00e7\u00e3o dos investimentos deste calend\u00e1rio.<\/p>\n<p>N\u00e3o est\u00e1 previsto, segundo a executiva, uma redu\u00e7\u00e3o de investimentos em rela\u00e7\u00e3o ao que est\u00e1 programado no plano de neg\u00f3cios da empresa.<\/p>\n<p>Fonte: Valor<\/p>\n","protected":false},"excerpt":{"rendered":"<p>A presidente da Petrobras, Gra\u00e7a Foster, sinalizou hoje que o pre\u00e7o dos combust\u00edveis pode voltar a subir neste ano. A executiva ponderou, por\u00e9m, que ser\u00e1&#8230;<\/p>\n","protected":false},"author":1182,"featured_media":4198,"comment_status":"closed","ping_status":"closed","sticky":false,"template":"","format":"standard","meta":{"footnotes":""},"categories":[6],"tags":[410,765,384,298,392],"class_list":["post-5442","post","type-post","status-publish","format-standard","has-post-thumbnail","hentry","category-noticias","tag-etanol","tag-gasolina","tag-graca-foster","tag-preco","tag-reajuste"],"_links":{"self":[{"href":"https:\/\/www.sincomam.org.br\/index.php\/wp-json\/wp\/v2\/posts\/5442","targetHints":{"allow":["GET"]}}],"collection":[{"href":"https:\/\/www.sincomam.org.br\/index.php\/wp-json\/wp\/v2\/posts"}],"about":[{"href":"https:\/\/www.sincomam.org.br\/index.php\/wp-json\/wp\/v2\/types\/post"}],"author":[{"embeddable":true,"href":"https:\/\/www.sincomam.org.br\/index.php\/wp-json\/wp\/v2\/users\/1182"}],"replies":[{"embeddable":true,"href":"https:\/\/www.sincomam.org.br\/index.php\/wp-json\/wp\/v2\/comments?post=5442"}],"version-history":[{"count":1,"href":"https:\/\/www.sincomam.org.br\/index.php\/wp-json\/wp\/v2\/posts\/5442\/revisions"}],"predecessor-version":[{"id":5443,"href":"https:\/\/www.sincomam.org.br\/index.php\/wp-json\/wp\/v2\/posts\/5442\/revisions\/5443"}],"wp:featuredmedia":[{"embeddable":true,"href":"https:\/\/www.sincomam.org.br\/index.php\/wp-json\/wp\/v2\/media\/4198"}],"wp:attachment":[{"href":"https:\/\/www.sincomam.org.br\/index.php\/wp-json\/wp\/v2\/media?parent=5442"}],"wp:term":[{"taxonomy":"category","embeddable":true,"href":"https:\/\/www.sincomam.org.br\/index.php\/wp-json\/wp\/v2\/categories?post=5442"},{"taxonomy":"post_tag","embeddable":true,"href":"https:\/\/www.sincomam.org.br\/index.php\/wp-json\/wp\/v2\/tags?post=5442"}],"curies":[{"name":"wp","href":"https:\/\/api.w.org\/{rel}","templated":true}]}}