{"id":54419,"date":"2024-10-02T09:01:07","date_gmt":"2024-10-02T12:01:07","guid":{"rendered":"http:\/\/www.sincomam.org.br\/?p=54419"},"modified":"2024-10-02T09:01:07","modified_gmt":"2024-10-02T12:01:07","slug":"calor-de-40c-na-faixa-central-e-chuva-forte-no-sul-e-norte-veja-por-que-pais-deve-ter-semana-de-extremos","status":"publish","type":"post","link":"https:\/\/www.sincomam.org.br\/index.php\/calor-de-40c-na-faixa-central-e-chuva-forte-no-sul-e-norte-veja-por-que-pais-deve-ter-semana-de-extremos\/","title":{"rendered":"Calor de 40\u00b0C na faixa central e chuva forte no Sul e Norte: veja por que pa\u00eds deve ter semana de extremos"},"content":{"rendered":"<div id=\"chunk-4aa04\">\n<div class=\"mc-column content-text active-extra-styles \" data-block-type=\"unstyled\" data-block-weight=\"29\" data-block-id=\"2\">\n<p class=\" content-text__container \" data-track-category=\"Link no Texto\" data-track-links=\"\" data-mrf-recirculation=\"Article links\">Com\u00a0uma nova onda de calor atuando principalmente no Sudeste e no Centro-Oeste\u00a0e tempo inst\u00e1vel no Sul e no Norte, o pa\u00eds deve ter uma semana de extremos.<\/p>\n<\/div>\n<\/div>\n<div class=\"wall protected-content\">\n<div id=\"chunk-73v2f\">\n<div class=\"mc-column content-text active-extra-styles \" data-block-type=\"unstyled\" data-block-weight=\"32\" data-block-id=\"4\">\n<p class=\" content-text__container \" data-track-category=\"Link no Texto\" data-track-links=\"\" data-mrf-recirculation=\"Article links\">\u2600\ufe0f\u26c8\ufe0fDe acordo com F\u00e1bio Luengo, meteorologista da Climatempo, esse contraste do tempo previsto para as diferentes regi\u00f5es do Brasil nesta semana acontece porque o pa\u00eds tem ao menos\u00a0tr\u00eas situa\u00e7\u00f5es meteorol\u00f3gicas distintas:<\/p>\n<\/div>\n<\/div>\n<div id=\"chunk-a9a9u\">\n<div class=\"mc-column content-text active-extra-styles\" data-block-type=\"raw\" data-block-weight=\"4\" data-block-id=\"5\">\n<p class=\"content-text__container\" data-mrf-recirculation=\"Article links\">\n<ul class=\"content-unordered-list\" data-mrf-recirculation=\"Recomendado\">\n<li><strong>Frente fria no Sul<\/strong><\/li>\n<\/ul>\n<p>Uma nova frente fria\u00a0formada no Sul do pa\u00eds \u00e9 o que deve causar os grandes volumes de chuva previstos para a regi\u00e3o. O sistema deve avan\u00e7ar de forma lenta para o Sudeste ao longo da semana.<\/p>\n<\/div>\n<\/div>\n<div id=\"chunk-eot21\">\n<div class=\"content-ads content-ads--reveal\" data-block-type=\"ads\" data-block-id=\"7\">\n<div id=\"banner_materia2\" class=\"tag-manager-publicidade-container mc-has-reveal mc-has-ad-lazyload tag-manager-publicidade-banner_materia2 tag-manager-publicidade-container--carregado tag-manager-publicidade-container--visivel\" data-id=\"banner_materia2\" data-google-query-id=\"CJnxncrS74gDFdNcuAQdv8AvkA\">\n<div id=\"chunk-8i2vp\">\n<div class=\"mc-column content-text active-extra-styles \" data-block-type=\"unstyled\" data-block-weight=\"22\" data-block-id=\"10\">\n<p class=\" content-text__container \" data-track-category=\"Link no Texto\" data-track-links=\"\" data-mrf-recirculation=\"Article links\">A partir de quinta-feira (3), a frente fria consegue subir para as demais regi\u00f5es, mudando o tempo principalmente no Sudeste do pa\u00eds.<\/p>\n<\/div>\n<\/div>\n<div id=\"chunk-ffpkr\">\n<div class=\"row medium-uncollapsed content-media content-photo\" data-block-type=\"backstage-photo\" data-block-id=\"11\">\n<div class=\" mc-column  content-media__container\">\n<div class=\"content-media-container glb-skeleton-box\">\n<div id=\"chunk-e46ba\">\n<div class=\"mc-column content-text active-extra-styles\" data-block-type=\"raw\" data-block-weight=\"6\" data-block-id=\"13\">\n<ul class=\"content-unordered-list\" data-mrf-recirculation=\"Recomendado\">\n<li><strong>Onda de calor na faixa central<\/strong><\/li>\n<\/ul>\n<p>Pela oitava vez no ano, a faixa central do pa\u00eds est\u00e1 sob a influ\u00eancia de uma massa de ar quente e seco.<\/p>\n<\/div>\n<\/div>\n<div id=\"chunk-d2db3\">\n<div class=\"mc-column content-text active-extra-styles \" data-block-type=\"unstyled\" data-block-weight=\"30\" data-block-id=\"15\">\n<p class=\" content-text__container \" data-track-category=\"Link no Texto\" data-track-links=\"\" data-mrf-recirculation=\"Article links\">Apesar de n\u00e3o ser t\u00e3o forte e abrangente como as anteriores, o fen\u00f4meno vai novamente elevar as temperaturas, principalmente no norte de S\u00e3o Paulo, Tri\u00e2ngulo Mineiro e parte do Centro-Oeste.<\/p>\n<\/div>\n<\/div>\n<div id=\"chunk-c898a\">\n<div class=\"row medium-uncollapsed content-media content-photo\" data-block-type=\"backstage-photo\" data-block-id=\"16\">\n<div class=\" mc-column  content-media__container\">\n<div class=\"content-media-container glb-skeleton-box\">\n<div id=\"chunk-248ak\">\n<div class=\"mc-column content-text active-extra-styles\" data-block-type=\"raw\" data-block-weight=\"6\" data-block-id=\"17\">\n<ul class=\"content-unordered-list\" data-mrf-recirculation=\"Recomendado\">\n<li><strong>Volta das chuvas regulares no Norte<\/strong><\/li>\n<\/ul>\n<p>J\u00e1 no Norte, o que se observa \u00e9 o\u00a0in\u00edcio do retorno das chuvas. De acordo com os meteorologistas, essa volta das chuvas \u00e9 natural e esperada para a primavera.<\/p>\n<\/div>\n<\/div>\n<div id=\"chunk-6ca89\">\n<div class=\"mc-column content-text active-extra-styles \" data-block-type=\"unstyled\" data-block-weight=\"30\" data-block-id=\"18\">\n<div id=\"chunk-15jb4\">\n<div class=\"mc-column content-text active-extra-styles\" data-block-type=\"raw\" data-block-weight=\"6\" data-block-id=\"22\">\n<div class=\"content-intertitle\">\n<h2>Oitava onda de calor no ano<\/h2>\n<\/div>\n<p>Com o ar quente e seco mais uma vez ganhando for\u00e7a na regi\u00e3o central do pa\u00eds, o Brasil est\u00e1 enfrentando a oitava onda de calor do ano.<\/p>\n<\/div>\n<\/div>\n<div id=\"chunk-192r3\">\n<div class=\"mc-column content-text active-extra-styles \" data-block-type=\"unstyled\" data-block-weight=\"24\" data-block-id=\"24\">\n<p class=\" content-text__container \" data-track-category=\"Link no Texto\" data-track-links=\"\" data-mrf-recirculation=\"Article links\">O fen\u00f4meno, que\u00a0deve se estender ao menos at\u00e9 dia 8 de outubro, vai fazer as m\u00e1ximas dispararem no Sudeste e Centro-Oeste do pa\u00eds.<\/p>\n<\/div>\n<\/div>\n<div id=\"chunk-2h55u\">\n<div class=\"mc-column content-text active-extra-styles \" data-block-type=\"unstyled\" data-block-weight=\"23\" data-block-id=\"25\">\n<p class=\" content-text__container \" data-track-category=\"Link no Texto\" data-track-links=\"\" data-mrf-recirculation=\"Article links\">De acordo com o Instituto Nacional de Meteorologia (Inmet), as temperaturas podem chegar novamente na casa dos 40\u00b0C em capitais dessa regi\u00e3o.<\/p>\n<div id=\"chunk-5pd2f\">\n<div class=\"mc-column content-text active-extra-styles \" data-block-type=\"unstyled\" data-block-weight=\"39\" data-block-id=\"28\">\n<p class=\" content-text__container \" data-track-category=\"Link no Texto\" data-track-links=\"\" data-mrf-recirculation=\"Article links\">\u00c9 o caso de Cuiab\u00e1, por exemplo, que deve ter m\u00e1xima de 41\u00b0C nesta ter\u00e7a (1) e na quarta (2). No Rio de Janeiro, a quarta tamb\u00e9m deve ser de muito calor, com os term\u00f4metros podendo atingir os 40\u00b0C.<\/p>\n<\/div>\n<\/div>\n<div id=\"chunk-am07e\">\n<div class=\"mc-column content-text active-extra-styles \" data-block-type=\"unstyled\" data-block-weight=\"37\" data-block-id=\"29\">\n<p class=\" content-text__container \" data-track-category=\"Link no Texto\" data-track-links=\"\" data-mrf-recirculation=\"Article links\">Al\u00e9m das altas temperaturas, a tend\u00eancia \u00e9 de uma\u00a0nova sequ\u00eancia de dias com baixa qualidade do ar e alto potencial para focos de inc\u00eandio. Novamente o c\u00e9u pode ficar esbranqui\u00e7ado por conta da fuma\u00e7a das queimadas.<\/p>\n<\/div>\n<\/div>\n<div id=\"chunk-fcbpe\">\n<div class=\"mc-column content-text active-extra-styles \" data-block-type=\"unstyled\" data-block-weight=\"13\" data-block-id=\"30\">\n<p class=\" content-text__container \" data-track-category=\"Link no Texto\" data-track-links=\"\" data-mrf-recirculation=\"Article links\">A umidade do ar tamb\u00e9m pode voltar a n\u00edveis preocupantes em diversas capitais.<\/p>\n<\/div>\n<\/div>\n<div id=\"chunk-1nsg4\">\n<div class=\"mc-column content-text active-extra-styles \" data-block-type=\"unstyled\" data-block-weight=\"42\" data-block-id=\"31\">\n<p class=\" content-text__container \" data-track-category=\"Link no Texto\" data-track-links=\"\" data-mrf-recirculation=\"Article links\">De acordo com Luengo, as\u00a0temperaturas devem seguir acima da m\u00e9dia no pa\u00eds at\u00e9 o fim da primeira quinzena de outubro. J\u00e1 a partir da segunda quinzena, podemos ter um certo al\u00edvio, com um calor mais dentro do esperado para o per\u00edodo.<\/p>\n<div id=\"chunk-2gknk\">\n<div class=\"mc-column content-text active-extra-styles\" data-block-type=\"raw\" data-block-weight=\"6\" data-block-id=\"34\">\n<div class=\"content-intertitle\">\n<h2>Chuvas no Sul e no Norte<\/h2>\n<\/div>\n<p>Apesar da previs\u00e3o de muito calor para a faixa central do pa\u00eds, o Sul e o Norte devem ter o retorno das chuvas.<\/p>\n<\/div>\n<\/div>\n<div id=\"chunk-73e6u\">\n<div class=\"mc-column content-text active-extra-styles \" data-block-type=\"unstyled\" data-block-weight=\"43\" data-block-id=\"36\">\n<p class=\" content-text__container \" data-track-category=\"Link no Texto\" data-track-links=\"\" data-mrf-recirculation=\"Article links\">Segundo o Inmet, os temporais devem ser mais fortes no sul do Rio Grande do Sul e em Rond\u00f4nia e no noroeste do Mato Grosso. Nessas regi\u00f5es, os volumes podem chegar a\u00a0100 mil\u00edmetros por dia e ventos intensos, de at\u00e9 100 km\/h.<\/p>\n<\/div>\n<\/div>\n<div id=\"chunk-e4hm8\">\n<div class=\"mc-column content-text active-extra-styles \" data-block-type=\"unstyled\" data-block-weight=\"25\" data-block-id=\"37\">\n<p class=\" content-text__container \" data-track-category=\"Link no Texto\" data-track-links=\"\" data-mrf-recirculation=\"Article links\">Oeste de Santa Catarina e parte do Paran\u00e1 tamb\u00e9m devem ter chuvas expressivas, mas as condi\u00e7\u00f5es inst\u00e1veis devem seguir concentradas no Rio Grande do Sul.<\/p>\n<\/div>\n<\/div>\n<div id=\"chunk-ed0go\">\n<div class=\"mc-column content-text active-extra-styles \" data-block-type=\"unstyled\" data-block-weight=\"36\" data-block-id=\"38\">\n<p class=\" content-text__container \" data-track-category=\"Link no Texto\" data-track-links=\"\" data-mrf-recirculation=\"Article links\">Centro-norte do Rio Grande do Sul, Acre, centro-sul do Amazonas e sudoeste do Par\u00e1 tamb\u00e9m devem ter volumes significativos de chuva. Os acumulados devem chegar a\u00a050 mil\u00edmetros por dia, com ventos de at\u00e9 60 km\/h.<\/p>\n<\/div>\n<\/div>\n<div id=\"chunk-oe37\">\n<div class=\"mc-column content-text active-extra-styles \" data-block-type=\"unstyled\" data-block-weight=\"50\" data-block-id=\"39\">\n<p class=\" content-text__container \" data-track-category=\"Link no Texto\" data-track-links=\"\" data-mrf-recirculation=\"Article links\">Com a chuva prevista, Amazonas, Par\u00e1 e parte de Rond\u00f4nia devem ter al\u00edvio do tempo seco, principalmente com a aproxima\u00e7\u00e3o do fim de semana. De acordo com o meteorologistas, a mudan\u00e7a marca o in\u00edcio de um padr\u00e3o de umidade que deve se manter e se intensificiar ao longo de outubro.<\/p>\n<p data-track-category=\"Link no Texto\" data-track-links=\"\" data-mrf-recirculation=\"Article links\">Fonte: G1<\/p>\n<\/div>\n<\/div>\n<\/div>\n<\/div>\n<\/div>\n<\/div>\n<\/div>\n<\/div>\n<\/div>\n<\/div>\n<\/div>\n<\/div>\n<\/div>\n<\/div>\n<\/div>\n<\/div>\n<\/div>\n<\/div>\n<\/div>\n<\/div>\n","protected":false},"excerpt":{"rendered":"<p>Com\u00a0uma nova onda de calor atuando principalmente no Sudeste e no Centro-Oeste\u00a0e tempo inst\u00e1vel no Sul e no Norte, o pa\u00eds deve ter uma semana&#8230;<\/p>\n","protected":false},"author":1527,"featured_media":54421,"comment_status":"closed","ping_status":"closed","sticky":false,"template":"","format":"standard","meta":{"footnotes":""},"categories":[6],"tags":[],"class_list":["post-54419","post","type-post","status-publish","format-standard","has-post-thumbnail","hentry","category-noticias"],"_links":{"self":[{"href":"https:\/\/www.sincomam.org.br\/index.php\/wp-json\/wp\/v2\/posts\/54419","targetHints":{"allow":["GET"]}}],"collection":[{"href":"https:\/\/www.sincomam.org.br\/index.php\/wp-json\/wp\/v2\/posts"}],"about":[{"href":"https:\/\/www.sincomam.org.br\/index.php\/wp-json\/wp\/v2\/types\/post"}],"author":[{"embeddable":true,"href":"https:\/\/www.sincomam.org.br\/index.php\/wp-json\/wp\/v2\/users\/1527"}],"replies":[{"embeddable":true,"href":"https:\/\/www.sincomam.org.br\/index.php\/wp-json\/wp\/v2\/comments?post=54419"}],"version-history":[{"count":1,"href":"https:\/\/www.sincomam.org.br\/index.php\/wp-json\/wp\/v2\/posts\/54419\/revisions"}],"predecessor-version":[{"id":54422,"href":"https:\/\/www.sincomam.org.br\/index.php\/wp-json\/wp\/v2\/posts\/54419\/revisions\/54422"}],"wp:featuredmedia":[{"embeddable":true,"href":"https:\/\/www.sincomam.org.br\/index.php\/wp-json\/wp\/v2\/media\/54421"}],"wp:attachment":[{"href":"https:\/\/www.sincomam.org.br\/index.php\/wp-json\/wp\/v2\/media?parent=54419"}],"wp:term":[{"taxonomy":"category","embeddable":true,"href":"https:\/\/www.sincomam.org.br\/index.php\/wp-json\/wp\/v2\/categories?post=54419"},{"taxonomy":"post_tag","embeddable":true,"href":"https:\/\/www.sincomam.org.br\/index.php\/wp-json\/wp\/v2\/tags?post=54419"}],"curies":[{"name":"wp","href":"https:\/\/api.w.org\/{rel}","templated":true}]}}