{"id":54407,"date":"2024-10-02T08:28:07","date_gmt":"2024-10-02T11:28:07","guid":{"rendered":"http:\/\/www.sincomam.org.br\/?p=54407"},"modified":"2024-10-02T08:28:07","modified_gmt":"2024-10-02T11:28:07","slug":"marinha-do-brasil-e-armada-do-equador-discutem-cooperacao-e-seguranca-maritima","status":"publish","type":"post","link":"https:\/\/www.sincomam.org.br\/index.php\/marinha-do-brasil-e-armada-do-equador-discutem-cooperacao-e-seguranca-maritima\/","title":{"rendered":"Marinha do Brasil e Armada do Equador discutem coopera\u00e7\u00e3o e seguran\u00e7a mar\u00edtima"},"content":{"rendered":"<p>Em um encontro que refor\u00e7a a crescente coopera\u00e7\u00e3o na \u00e1rea de Defesa entre Brasil e Equador, o Comandante-Geral da Armada do Equador, Almirante Miguel Santiago C\u00f3rdova Chehab, recebeu o Adido de Defesa, Naval e Aeron\u00e1utico do Brasil junto \u00e0 Rep\u00fablica do Equador, Capit\u00e3o de Mar e Guerra Marcelo Gouveia Goes, para discutir projetos navais e quest\u00f5es estrat\u00e9gicas de interesse bilateral. O encontro, realizado no dia 13 de setembro, destacou o fortalecimento dos la\u00e7os entre as duas Marinhas e a import\u00e2ncia da colabora\u00e7\u00e3o para a seguran\u00e7a mar\u00edtima regional.<\/p>\n<h3>Projetos navais estrat\u00e9gicos discutidos entre Brasil e Equador<\/h3>\n<p>Durante a reuni\u00e3o, um dos temas centrais foi o interesse equatoriano nos projetos navais brasileiros, especialmente aqueles desenvolvidos no \u00e2mbito da Base Industrial de Defesa do Brasil. Entre os destaques, est\u00e3o as Fragatas da Classe Tamandar\u00e9, que representam um avan\u00e7o significativo para a Marinha do\u00a0Brasil. Com tecnologia de ponta e capacidade de proje\u00e7\u00e3o de poder no mar, essas embarca\u00e7\u00f5es s\u00e3o vitais para a prote\u00e7\u00e3o das \u00e1guas territoriais e de interesses estrat\u00e9gicos, e despertaram grande interesse da Armada do Equador.<\/p>\n<p>Outro ponto discutido foi o programa de submarinos brasileiros, com foco nos Submarinos da Classe Riachuelo, que fazem parte do Programa de Desenvolvimento de Submarinos (PROSUB). Estes submarinos convencionais s\u00e3o equipados com tecnologias avan\u00e7adas de combate e propuls\u00e3o, essenciais para a defesa mar\u00edtima do Brasil. O Almirante C\u00f3rdova expressou interesse em ampliar o conhecimento sobre o projeto, visto que o Equador poderia beneficiar-se com a expertise brasileira em constru\u00e7\u00e3o e opera\u00e7\u00e3o de submarinos, seja por meio de futuras aquisi\u00e7\u00f5es ou coopera\u00e7\u00e3o t\u00e9cnica.<\/p>\n<p>Por fim, os Navios-Patrulha de 500 toneladas (NPa-500BR) foram outro t\u00f3pico abordado, devido ao seu papel crucial na vigil\u00e2ncia e prote\u00e7\u00e3o das zonas costeiras. Com um design que combina versatilidade e efici\u00eancia, essas embarca\u00e7\u00f5es t\u00eam sido fundamentais para o monitoramento de \u00e1reas estrat\u00e9gicas no Brasil. O Equador demonstrou interesse em avaliar a possibilidade de aquisi\u00e7\u00e3o de navios desse tipo, que poderiam refor\u00e7ar sua capacidade de vigil\u00e2ncia mar\u00edtima e combate a il\u00edcitos como tr\u00e1fico de drogas e pesca ilegal.<\/p>\n<h3>A Base Industrial de Defesa e a EMGEPRON como elo de coopera\u00e7\u00e3o<\/h3>\n<p>A Base Industrial de Defesa do Brasil foi outro ponto de destaque no encontro, com \u00eanfase no papel da Empresa Gerencial de Projetos Navais (EMGEPRON). A EMGEPRON, uma empresa estatal brasileira, atua como intermedi\u00e1ria t\u00e9cnica e facilitadora em negocia\u00e7\u00f5es entre governos para a aquisi\u00e7\u00e3o de equipamentos militares. O Almirante C\u00f3rdova demonstrou grande interesse em estreitar os la\u00e7os com a EMGEPRON, com vistas \u00e0 potencial aquisi\u00e7\u00e3o de meios navais por parte do Equador atrav\u00e9s de um acordo do tipo Governo-Governo.<\/p>\n<p>Esse modelo de aquisi\u00e7\u00e3o, que elimina intermedi\u00e1rios comerciais e garante um processo de negocia\u00e7\u00e3o mais \u00e1gil e transparente, foi apresentado como uma alternativa vi\u00e1vel para a obten\u00e7\u00e3o de embarca\u00e7\u00f5es e tecnologias brasileiras. Atrav\u00e9s da intermedia\u00e7\u00e3o da EMGEPRON, o Equador poderia n\u00e3o apenas adquirir navios e submarinos, mas tamb\u00e9m estabelecer parcerias para a transfer\u00eancia de tecnologia e conhecimento t\u00e9cnico, permitindo o desenvolvimento conjunto de novos projetos.<\/p>\n<p>Al\u00e9m disso, o fortalecimento da Base Industrial de Defesa do Brasil foi destacado como uma estrat\u00e9gia importante para ampliar a presen\u00e7a do pa\u00eds no mercado internacional de Defesa. A exporta\u00e7\u00e3o de tecnologia naval brasileira, al\u00e9m de gerar receita, contribui para o fortalecimento da diplomacia militar e para a amplia\u00e7\u00e3o das capacidades de defesa dos pa\u00edses parceiros, como o Equador.<\/p>\n<h3>Coopera\u00e7\u00e3o e seguran\u00e7a mar\u00edtima no Atl\u00e2ntico Sul e Pac\u00edfico<\/h3>\n<p>A seguran\u00e7a mar\u00edtima regional \u00e9 um dos pilares da coopera\u00e7\u00e3o entre Brasil e Equador, e o encontro refor\u00e7ou o compromisso de ambos os pa\u00edses em combinar esfor\u00e7os para enfrentar amea\u00e7as comuns nas \u00e1guas do Atl\u00e2ntico Sul e do Pac\u00edfico. A troca de informa\u00e7\u00f5es e o alinhamento das capacidades das duas Marinhas s\u00e3o fundamentais para prevenir crimes mar\u00edtimos, como o tr\u00e1fico de drogas, a pesca ilegal e o contrabando, al\u00e9m de fortalecer a vigil\u00e2ncia em zonas de interesse econ\u00f4mico e ambiental.<\/p>\n<p>O fortalecimento da coopera\u00e7\u00e3o naval tamb\u00e9m visa aumentar a interoperabilidade das for\u00e7as, permitindo que, em opera\u00e7\u00f5es conjuntas ou em situa\u00e7\u00f5es de emerg\u00eancia, as duas Marinhas possam atuar de maneira coordenada e eficiente. A integra\u00e7\u00e3o entre Brasil e Equador no campo da seguran\u00e7a mar\u00edtima \u00e9 vista como um passo estrat\u00e9gico para garantir a estabilidade e a prote\u00e7\u00e3o das rotas mar\u00edtimas que cruzam suas zonas econ\u00f4micas exclusivas.<\/p>\n<p>Por fim, a XXXI Confer\u00eancia Naval Interamericana, a ser realizada no Rio de Janeiro entre os dias 23 e 27 de setembro, foi abordada como uma oportunidade importante para estreitar ainda mais os la\u00e7os entre as For\u00e7as Navais da Am\u00e9rica Latina. O evento deve reunir lideran\u00e7as navais de toda a regi\u00e3o, permitindo a discuss\u00e3o de estrat\u00e9gias conjuntas para enfrentar os desafios de seguran\u00e7a mar\u00edtima no hemisf\u00e9rio ocidental. O Almirante C\u00f3rdova manifestou grande expectativa em rela\u00e7\u00e3o ao evento, acreditando que ele ser\u00e1 uma plataforma para aprofundar a coopera\u00e7\u00e3o entre a\u00a0Marinha do Brasil\u00a0e a Armada do Equador, al\u00e9m de fortalecer os la\u00e7os com outras na\u00e7\u00f5es parceiras.<\/p>\n<p>Fonte: Defesa em Foco<\/p>\n","protected":false},"excerpt":{"rendered":"<p>Em um encontro que refor\u00e7a a crescente coopera\u00e7\u00e3o na \u00e1rea de Defesa entre Brasil e Equador, o Comandante-Geral da Armada do Equador, Almirante Miguel Santiago&#8230;<\/p>\n","protected":false},"author":1527,"featured_media":54409,"comment_status":"closed","ping_status":"closed","sticky":false,"template":"","format":"standard","meta":{"footnotes":""},"categories":[6],"tags":[],"class_list":["post-54407","post","type-post","status-publish","format-standard","has-post-thumbnail","hentry","category-noticias"],"_links":{"self":[{"href":"https:\/\/www.sincomam.org.br\/index.php\/wp-json\/wp\/v2\/posts\/54407","targetHints":{"allow":["GET"]}}],"collection":[{"href":"https:\/\/www.sincomam.org.br\/index.php\/wp-json\/wp\/v2\/posts"}],"about":[{"href":"https:\/\/www.sincomam.org.br\/index.php\/wp-json\/wp\/v2\/types\/post"}],"author":[{"embeddable":true,"href":"https:\/\/www.sincomam.org.br\/index.php\/wp-json\/wp\/v2\/users\/1527"}],"replies":[{"embeddable":true,"href":"https:\/\/www.sincomam.org.br\/index.php\/wp-json\/wp\/v2\/comments?post=54407"}],"version-history":[{"count":1,"href":"https:\/\/www.sincomam.org.br\/index.php\/wp-json\/wp\/v2\/posts\/54407\/revisions"}],"predecessor-version":[{"id":54410,"href":"https:\/\/www.sincomam.org.br\/index.php\/wp-json\/wp\/v2\/posts\/54407\/revisions\/54410"}],"wp:featuredmedia":[{"embeddable":true,"href":"https:\/\/www.sincomam.org.br\/index.php\/wp-json\/wp\/v2\/media\/54409"}],"wp:attachment":[{"href":"https:\/\/www.sincomam.org.br\/index.php\/wp-json\/wp\/v2\/media?parent=54407"}],"wp:term":[{"taxonomy":"category","embeddable":true,"href":"https:\/\/www.sincomam.org.br\/index.php\/wp-json\/wp\/v2\/categories?post=54407"},{"taxonomy":"post_tag","embeddable":true,"href":"https:\/\/www.sincomam.org.br\/index.php\/wp-json\/wp\/v2\/tags?post=54407"}],"curies":[{"name":"wp","href":"https:\/\/api.w.org\/{rel}","templated":true}]}}