{"id":5439,"date":"2014-05-13T08:30:25","date_gmt":"2014-05-13T11:30:25","guid":{"rendered":"http:\/\/www.sincomam.org.br\/?p=5439"},"modified":"2014-05-13T00:07:55","modified_gmt":"2014-05-13T03:07:55","slug":"grupo-de-rodoviarios-nao-fecha-acordo-e-decreta-greve-de-48-horas","status":"publish","type":"post","link":"https:\/\/www.sincomam.org.br\/index.php\/grupo-de-rodoviarios-nao-fecha-acordo-e-decreta-greve-de-48-horas\/","title":{"rendered":"Grupo de rodovi\u00e1rios n\u00e3o fecha acordo e decreta greve de 48 horas"},"content":{"rendered":"<p><strong><em>Para minimizar impactos para a popula\u00e7\u00e3o, prefeitura anunciou plano de conting\u00eancia<\/em><\/strong><\/p>\n<p>Os rodovi\u00e1rios, que j\u00e1 pararam a cidade na semana passada, resolveram voltar a cruzar os bra\u00e7os por 48 horas, a partir do primeiro minuto desta ter\u00e7a-feira. O an\u00fancio foi feito ap\u00f3s representantes da categoria sa\u00edrem da audi\u00eancia de concilia\u00e7\u00e3o no Tribunal Regional do Trabalho (TRT), que terminou sem acordo.<\/p>\n<p>Depois da reuni\u00e3o, os rodovi\u00e1rios sa\u00edram em passeata pelas ruas do Centro, por volta das 16h, interditando avenidas, como a Rio Branco e a Presidente Vargas. As vias s\u00f3 foram liberadas \u00e0s 18h30m. Preocupada com a possibilidade de a popula\u00e7\u00e3o ficar a p\u00e9 mais uma vez, a prefeitura anunciou um plano de conting\u00eancia para os pr\u00f3ximos dias.<\/p>\n<p><strong>Plano para amenizar transtornos<\/strong><\/p>\n<p>O objetivo da reuni\u00e3o no TRT era negociar o aumento da categoria junto com os sindicatos das Empresas de \u00d4nibus (Rio \u00d4nibus) e dos Trabalhadores em Transportes Urbanos (Sintraturb). Depois de uma paralisa\u00e7\u00e3o no ano passado, os rodovi\u00e1rios conseguiram um aumento de 10%, mas o grupo dissidente, que desencadeou o novo movimento, insiste em ter 40%. Nesta segunda-feira, o secret\u00e1rio municipal de Transportes, Alexandre Sans\u00e3o, disse que a prefeitura, com a ajuda da Pol\u00edcia Militar, do Rio \u00d4nibus, do Metr\u00f4 Rio, da Supervia e da CCR Barcas, est\u00e1 pronta para garantir a ordem e amenizar os transtornos que a greve poder\u00e1 causar aos usu\u00e1rios.<\/p>\n<p>De acordo com a prefeitura, a Pol\u00edcia Militar vai garantir a seguran\u00e7a na sa\u00edda das garagens dos quatro cons\u00f3rcios, nas esta\u00e7\u00f5es do BRT Transoeste e nos terminais de \u00f4nibus para os profissionais que n\u00e3o aderirem \u00e0 greve. Na \u00faltima paralisa\u00e7\u00e3o, 531 \u00f4nibus tiveram vidros quebrados ou sofreram algum tipo de depreda\u00e7\u00e3o. Agentes da Guarda Municipal e controladores de tr\u00e2nsito refor\u00e7ar\u00e3o a opera\u00e7\u00e3o nas ruas.<\/p>\n<p>O plano de conting\u00eancia da prefeitura prioriza metr\u00f4, trens e barcas, refor\u00e7ando as linhas de \u00f4nibus que fazem integra\u00e7\u00e3o f\u00edsica com esses modais, al\u00e9m de linhas essenciais para o deslocamento da popula\u00e7\u00e3o em \u00e1reas atendidas apenas por \u00f4nibus. Os servi\u00e7os do BRT tamb\u00e9m fazem parte do plano. Os trens v\u00e3o antecipar o in\u00edcio de sua opera\u00e7\u00e3o pela manh\u00e3 em 90 minutos. A partir das 4h30m desta ter\u00e7a-feira, a Supervia vai operar com capacidade m\u00e1xima, reduzindo o intervalo entre as composi\u00e7\u00f5es.<\/p>\n<p>Fonte: O Globo \/ Foto: Fotos P\u00fablicas<\/p>\n","protected":false},"excerpt":{"rendered":"<p>Para minimizar impactos para a popula\u00e7\u00e3o, prefeitura anunciou plano de conting\u00eancia Os rodovi\u00e1rios, que j\u00e1 pararam a cidade na semana passada, resolveram voltar a cruzar&#8230;<\/p>\n","protected":false},"author":1182,"featured_media":5440,"comment_status":"closed","ping_status":"closed","sticky":false,"template":"","format":"standard","meta":{"footnotes":""},"categories":[6],"tags":[244,59,1173],"class_list":["post-5439","post","type-post","status-publish","format-standard","has-post-thumbnail","hentry","category-noticias","tag-greve","tag-rio-de-janeiro","tag-rodoviarios"],"_links":{"self":[{"href":"https:\/\/www.sincomam.org.br\/index.php\/wp-json\/wp\/v2\/posts\/5439","targetHints":{"allow":["GET"]}}],"collection":[{"href":"https:\/\/www.sincomam.org.br\/index.php\/wp-json\/wp\/v2\/posts"}],"about":[{"href":"https:\/\/www.sincomam.org.br\/index.php\/wp-json\/wp\/v2\/types\/post"}],"author":[{"embeddable":true,"href":"https:\/\/www.sincomam.org.br\/index.php\/wp-json\/wp\/v2\/users\/1182"}],"replies":[{"embeddable":true,"href":"https:\/\/www.sincomam.org.br\/index.php\/wp-json\/wp\/v2\/comments?post=5439"}],"version-history":[{"count":1,"href":"https:\/\/www.sincomam.org.br\/index.php\/wp-json\/wp\/v2\/posts\/5439\/revisions"}],"predecessor-version":[{"id":5441,"href":"https:\/\/www.sincomam.org.br\/index.php\/wp-json\/wp\/v2\/posts\/5439\/revisions\/5441"}],"wp:featuredmedia":[{"embeddable":true,"href":"https:\/\/www.sincomam.org.br\/index.php\/wp-json\/wp\/v2\/media\/5440"}],"wp:attachment":[{"href":"https:\/\/www.sincomam.org.br\/index.php\/wp-json\/wp\/v2\/media?parent=5439"}],"wp:term":[{"taxonomy":"category","embeddable":true,"href":"https:\/\/www.sincomam.org.br\/index.php\/wp-json\/wp\/v2\/categories?post=5439"},{"taxonomy":"post_tag","embeddable":true,"href":"https:\/\/www.sincomam.org.br\/index.php\/wp-json\/wp\/v2\/tags?post=5439"}],"curies":[{"name":"wp","href":"https:\/\/api.w.org\/{rel}","templated":true}]}}