{"id":54386,"date":"2024-10-01T06:39:37","date_gmt":"2024-10-01T09:39:37","guid":{"rendered":"http:\/\/www.sincomam.org.br\/?p=54386"},"modified":"2024-10-01T08:46:15","modified_gmt":"2024-10-01T11:46:15","slug":"outubro-tera-bandeira-tarifaria-mais-cara-do-sistema-nas-contas-de-luz","status":"publish","type":"post","link":"https:\/\/www.sincomam.org.br\/index.php\/outubro-tera-bandeira-tarifaria-mais-cara-do-sistema-nas-contas-de-luz\/","title":{"rendered":"Outubro ter\u00e1 bandeira tarif\u00e1ria mais cara do sistema nas contas de luz"},"content":{"rendered":"<p>A bandeira tarif\u00e1ria para o m\u00eas de outubro ser\u00e1 vermelha patamar 2, com cobran\u00e7a extra de R$ 7,877 na conta de luz para cada 100 quilowatts-hora (kWh) de energia el\u00e9trica consumidos. Esta \u00e9 a primeira vez, desde agosto de 2021, que a bandeira mais cara do sistema criado pela Ag\u00eancia Nacional de Energia El\u00e9trica (Aneel) \u00e9 acionada.<img decoding=\"async\" src=\"https:\/\/agenciabrasil.ebc.com.br\/ebc.png?id=1613832&amp;o=node\" \/><img decoding=\"async\" src=\"https:\/\/agenciabrasil.ebc.com.br\/ebc.gif?id=1613832&amp;o=node\" \/><\/p>\n<p>Segundo a Aneel, um dos fatores que determinaram o acionamento da bandeira\u202fvermelha patamar 2 foi o risco hidrol\u00f3gico, ou seja, a baixa previs\u00e3o de chuva para os reservat\u00f3rios das hidrel\u00e9tricas. Tamb\u00e9m teve influ\u00eancia a eleva\u00e7\u00e3o do pre\u00e7o do mercado de energia el\u00e9trica em outubro.<\/p>\n<p>Uma sequ\u00eancia de bandeiras verdes foi iniciada em abril de 2022 e interrompida apenas em julho de 2024 com bandeira amarela, seguida da bandeira verde em agosto, e da vermelha, patamar 1, em setembro. No m\u00eas passado, a Aneel chegou a anunciar a\u00a0bandeira vermelha patamar 2 para setembro,\u00a0mas corrigiu a informa\u00e7\u00e3o dias depois.<\/p>\n<p>Criado em 2015 pela Aneel, o sistema de bandeiras tarif\u00e1rias reflete os custos vari\u00e1veis da gera\u00e7\u00e3o de energia el\u00e9trica. Divididas em n\u00edveis, as bandeiras indicam quanto est\u00e1 custando para o Sistema Interligado Nacional gerar a energia usada nas casas, em estabelecimentos comerciais e nas ind\u00fastrias, considerando fatores como a disponibilidade de recursos h\u00eddricos, o avan\u00e7o das fontes renov\u00e1veis, bem como o acionamento de fontes de gera\u00e7\u00e3o mais caras como as termel\u00e9tricas.<\/p>\n<p>As cores verde, amarela ou vermelha (nos patamares 1 e 2) indicam se a energia custar\u00e1 mais ou menos em fun\u00e7\u00e3o das condi\u00e7\u00f5es de gera\u00e7\u00e3o, sendo a bandeira vermelha a que tem custo maior, e a verde, sem custo extra.<\/p>\n<p>Segundo a Aneel, as bandeiras permitem ao consumidor um papel mais ativo na defini\u00e7\u00e3o de sua conta de energia. \u201cAo saber, por exemplo, que a bandeira est\u00e1 vermelha, o consumidor pode adaptar seu consumo para ajudar a reduzir o valor da conta&#8221;, avalia a ag\u00eancia.<\/p>\n<p>Fonte: Ag\u00eancia Brasil<\/p>\n","protected":false},"excerpt":{"rendered":"<p>A bandeira tarif\u00e1ria para o m\u00eas de outubro ser\u00e1 vermelha patamar 2, com cobran\u00e7a extra de R$ 7,877 na conta de luz para cada 100&#8230;<\/p>\n","protected":false},"author":1527,"featured_media":54402,"comment_status":"closed","ping_status":"closed","sticky":false,"template":"","format":"standard","meta":{"footnotes":""},"categories":[6],"tags":[],"class_list":["post-54386","post","type-post","status-publish","format-standard","has-post-thumbnail","hentry","category-noticias"],"_links":{"self":[{"href":"https:\/\/www.sincomam.org.br\/index.php\/wp-json\/wp\/v2\/posts\/54386","targetHints":{"allow":["GET"]}}],"collection":[{"href":"https:\/\/www.sincomam.org.br\/index.php\/wp-json\/wp\/v2\/posts"}],"about":[{"href":"https:\/\/www.sincomam.org.br\/index.php\/wp-json\/wp\/v2\/types\/post"}],"author":[{"embeddable":true,"href":"https:\/\/www.sincomam.org.br\/index.php\/wp-json\/wp\/v2\/users\/1527"}],"replies":[{"embeddable":true,"href":"https:\/\/www.sincomam.org.br\/index.php\/wp-json\/wp\/v2\/comments?post=54386"}],"version-history":[{"count":1,"href":"https:\/\/www.sincomam.org.br\/index.php\/wp-json\/wp\/v2\/posts\/54386\/revisions"}],"predecessor-version":[{"id":54388,"href":"https:\/\/www.sincomam.org.br\/index.php\/wp-json\/wp\/v2\/posts\/54386\/revisions\/54388"}],"wp:featuredmedia":[{"embeddable":true,"href":"https:\/\/www.sincomam.org.br\/index.php\/wp-json\/wp\/v2\/media\/54402"}],"wp:attachment":[{"href":"https:\/\/www.sincomam.org.br\/index.php\/wp-json\/wp\/v2\/media?parent=54386"}],"wp:term":[{"taxonomy":"category","embeddable":true,"href":"https:\/\/www.sincomam.org.br\/index.php\/wp-json\/wp\/v2\/categories?post=54386"},{"taxonomy":"post_tag","embeddable":true,"href":"https:\/\/www.sincomam.org.br\/index.php\/wp-json\/wp\/v2\/tags?post=54386"}],"curies":[{"name":"wp","href":"https:\/\/api.w.org\/{rel}","templated":true}]}}