{"id":54334,"date":"2024-09-30T08:44:18","date_gmt":"2024-09-30T11:44:18","guid":{"rendered":"http:\/\/www.sincomam.org.br\/?p=54334"},"modified":"2024-09-30T08:44:18","modified_gmt":"2024-09-30T11:44:18","slug":"projeto-de-planejamento-marinho-no-nordeste-e-pensado-por-especialistas-e-instituicoes","status":"publish","type":"post","link":"https:\/\/www.sincomam.org.br\/index.php\/projeto-de-planejamento-marinho-no-nordeste-e-pensado-por-especialistas-e-instituicoes\/","title":{"rendered":"Projeto de Planejamento Marinho no Nordeste \u00e9 pensado por especialistas e institui\u00e7\u00f5es"},"content":{"rendered":"<p><span>O Planejamento Espacial Marinho (PEM) para a regi\u00e3o Nordeste foi apresentado nesta quarta-feira (25) por Aldo Dantas, diretor-geral da Funpec, em uma reuni\u00e3o com representantes de diversos setores, incluindo a FIERN e o Cluster Tecnol\u00f3gico Naval do RN. O projeto visa organizar as atividades econ\u00f4micas no mar, garantindo um uso sustent\u00e1vel dos recursos e alinhando metas ecol\u00f3gicas, sociais e econ\u00f4micas para a regi\u00e3o.<\/span><\/p>\n<h4><span>O Planejamento Espacial Marinho (PEM) e seus Objetivos<\/span><\/h4>\n<p>O\u00a0Planejamento Espacial Marinho (PEM)\u00a0\u00e9 uma iniciativa que visa coordenar e organizar atividades econ\u00f4micas em \u00e1reas mar\u00edtimas, de modo a garantir um uso sustent\u00e1vel dos recursos marinhos. Semelhante a um\u00a0plano diretor\u00a0aplicado ao espa\u00e7o terrestre, o PEM tem como foco ordenar o uso das \u00e1guas costeiras e oce\u00e2nicas, levando em considera\u00e7\u00e3o as necessidades econ\u00f4micas, sociais e ecol\u00f3gicas.<\/p>\n<p>O projeto tem como objetivo minimizar conflitos entre os diversos setores que utilizam os recursos mar\u00edtimos, como pesca, turismo, energia e transporte. A ideia \u00e9 criar uma ferramenta de planejamento que garanta\u00a0a seguran\u00e7a jur\u00eddica\u00a0para as atividades econ\u00f4micas e ao mesmo tempo promova a preserva\u00e7\u00e3o da biodiversidade marinha, incentivando o desenvolvimento sustent\u00e1vel de longo prazo.<\/p>\n<div class=\"td-g-rec td-g-rec-id-content_inline tdi_2 td_block_template_11 \">\n<p>A proposta para o Nordeste visa modernizar o uso das \u00e1guas marinhas em estados como o Rio Grande do Norte, onde h\u00e1 grande potencial para setores como a\u00a0pesca\u00a0,\u00a0a aquicultura marinha\u00a0e a emergente\u00a0energia e\u00f3lica offshore\u00a0. O professor Aldo Dantas destacou que a cria\u00e7\u00e3o de um planejamento unificado para essas atividades n\u00e3o apenas ajuda a mitigar conflitos de uso, mas tamb\u00e9m permite um aproveitamento mais eficiente e seguro dos recursos dispon\u00edveis.<\/p>\n<h4><span>Participa\u00e7\u00e3o das Institui\u00e7\u00f5es e Apoio ao Projeto<\/span><\/h4>\n<p>A apresenta\u00e7\u00e3o do PEM reuniu diversos representantes do setor industrial, acad\u00eamico e militar. A\u00a0Funda\u00e7\u00e3o Norte-Rio-Grandense de Pesquisa e Cultura (Funpec)\u00a0, respons\u00e1vel pela coordena\u00e7\u00e3o do projeto, recebeu apoio imediato de institui\u00e7\u00f5es importantes como a\u00a0Federa\u00e7\u00e3o das Ind\u00fastrias do Estado do Rio Grande do Norte (FIERN)\u00a0e o\u00a0Cluster Tecnol\u00f3gico Naval do RN\u00a0. O presidente da FIERN, Roberto Serquiz, e o presidente do Cluster, Amaro Sales, enfatizaram a relev\u00e2ncia do projeto para a economia do estado e sua conex\u00e3o direta com as atividades mar\u00edtimas j\u00e1 existentes.<\/p>\n<p>\u201cCom esta apresenta\u00e7\u00e3o, ficou claro que h\u00e1 uma forte liga\u00e7\u00e3o entre o\u00a0Planejamento Espacial Marinho\u00a0e o\u00a0Cluster Tecnol\u00f3gico Naval\u00a0, e sa\u00edmos dessa reuni\u00e3o com o compromisso de avan\u00e7ar nessa pauta. O lan\u00e7amento oficial do PEM est\u00e1 previsto para novembro, e estamos animados em colaborar para que ele se torne uma realidade\u201d, declarou Roberto Serquiz.<\/p>\n<p>Al\u00e9m das institui\u00e7\u00f5es industriais, o projeto tamb\u00e9m conta com o envolvimento de representantes do setor\u00a0pesqueiro\u00a0, como o presidente do SINDIPESCA, Gabriel Calzavara, e o vice-presidente, Arimar Fran\u00e7a Filho. O setor militar tamb\u00e9m marcou presen\u00e7a, representado pelo Capit\u00e3o de Mar e Guerra Marco Veppo, do\u00a0Comando do 3\u00ba Distrito Naval\u00a0, refletindo a import\u00e2ncia estrat\u00e9gica do uso sustent\u00e1vel das \u00e1guas marinhas.<\/p>\n<p>A reuni\u00e3o destacou ainda o compromisso do\u00a0governo estadual\u00a0em participar do projeto. O apoio governamental ser\u00e1 crucial para garantir a execu\u00e7\u00e3o do PEM, uma vez que a progress\u00e3o das pol\u00edticas p\u00fablicas ser\u00e1 necess\u00e1ria para unir os interesses dos diferentes setores envolvidos e para alinhar o PEM \u00e0s diretrizes de desenvolvimento sustent\u00e1vel do estado.<\/p>\n<h4><span>Benef\u00edcios e Potencial do PEM para o Nordeste<\/span><\/h4>\n<p>Entre os principais benef\u00edcios do PEM est\u00e1 a capacidade de\u00a0mitigar conflitos\u00a0de uso entre as diversas atividades que dependem do espa\u00e7o marinho, como a pesca, a aquicultura, o transporte mar\u00edtimo e as opera\u00e7\u00f5es portu\u00e1rias. O professor Aldo Dantas destacou a import\u00e2ncia de garantir\u00a0a seguran\u00e7a jur\u00eddica\u00a0para os diferentes setores, permitindo que as atividades sejam realizadas de forma coordenada e eficiente, evitando problemas como sobreposi\u00e7\u00e3o de \u00e1reas de explora\u00e7\u00e3o ou impacto ambiental excessivo.<\/p>\n<p>O projeto tamb\u00e9m tem o potencial de gerar impactos econ\u00f4micos e ambientais positivos. Uma organiza\u00e7\u00e3o mais eficiente das atividades no mar pode estimular a\u00a0cria\u00e7\u00e3o de novos empregos\u00a0, especialmente em \u00e1reas como a\u00a0energia e\u00f3lica offshore\u00a0, um setor que est\u00e1 crescendo rapidamente no\u00a0Brasil\u00a0. Al\u00e9m disso, o\u00a0uso sustent\u00e1vel dos recursos marinhos\u00a0contribuir\u00e1 para a preserva\u00e7\u00e3o da biodiversidade, garantindo que as futuras gera\u00e7\u00f5es possam continuar a beneficiar da riqueza natural da costa nordestina.<\/p>\n<p>Outro ponto destacado foi o papel do PEM na promo\u00e7\u00e3o de\u00a0oportunidades de desenvolvimento\u00a0para setores como a\u00a0aquicultura marinha\u00a0e as\u00a0atividades portu\u00e1rias\u00a0, que podem ser impulsionadas pela competitividade das atividades econ\u00f4micas no mar. O PEM pode ainda abrir novas frentes de desenvolvimento para a\u00a0energia renov\u00e1vel\u00a0, com foco na\u00a0energia e\u00f3lica offshore\u00a0, que tem um grande potencial para crescimento na regi\u00e3o Nordeste.<\/p>\n<p>O\u00a0Planejamento Espacial Marinho\u00a0tamb\u00e9m oferece uma vis\u00e3o de futuro promissor para o desenvolvimento sustent\u00e1vel da economia do mar no Brasil, especialmente no Nordeste, onde h\u00e1 uma grande diversidade de atividades e recursos mar\u00edtimos. A expectativa \u00e9 que, com a implanta\u00e7\u00e3o do PEM, a regi\u00e3o se torne um exemplo de organiza\u00e7\u00e3o e uso sustent\u00e1vel do espa\u00e7o mar\u00edtimo, conciliando desenvolvimento econ\u00f4mico com preserva\u00e7\u00e3o ambiental e benef\u00edcios sociais.<\/p>\n<p>Fonte: Defesa em Foco<\/p>\n<\/div>\n","protected":false},"excerpt":{"rendered":"<p>O Planejamento Espacial Marinho (PEM) para a regi\u00e3o Nordeste foi apresentado nesta quarta-feira (25) por Aldo Dantas, diretor-geral da Funpec, em uma reuni\u00e3o com representantes&#8230;<\/p>\n","protected":false},"author":1527,"featured_media":54365,"comment_status":"closed","ping_status":"closed","sticky":false,"template":"","format":"standard","meta":{"footnotes":""},"categories":[6],"tags":[],"class_list":["post-54334","post","type-post","status-publish","format-standard","has-post-thumbnail","hentry","category-noticias"],"_links":{"self":[{"href":"https:\/\/www.sincomam.org.br\/index.php\/wp-json\/wp\/v2\/posts\/54334","targetHints":{"allow":["GET"]}}],"collection":[{"href":"https:\/\/www.sincomam.org.br\/index.php\/wp-json\/wp\/v2\/posts"}],"about":[{"href":"https:\/\/www.sincomam.org.br\/index.php\/wp-json\/wp\/v2\/types\/post"}],"author":[{"embeddable":true,"href":"https:\/\/www.sincomam.org.br\/index.php\/wp-json\/wp\/v2\/users\/1527"}],"replies":[{"embeddable":true,"href":"https:\/\/www.sincomam.org.br\/index.php\/wp-json\/wp\/v2\/comments?post=54334"}],"version-history":[{"count":1,"href":"https:\/\/www.sincomam.org.br\/index.php\/wp-json\/wp\/v2\/posts\/54334\/revisions"}],"predecessor-version":[{"id":54366,"href":"https:\/\/www.sincomam.org.br\/index.php\/wp-json\/wp\/v2\/posts\/54334\/revisions\/54366"}],"wp:featuredmedia":[{"embeddable":true,"href":"https:\/\/www.sincomam.org.br\/index.php\/wp-json\/wp\/v2\/media\/54365"}],"wp:attachment":[{"href":"https:\/\/www.sincomam.org.br\/index.php\/wp-json\/wp\/v2\/media?parent=54334"}],"wp:term":[{"taxonomy":"category","embeddable":true,"href":"https:\/\/www.sincomam.org.br\/index.php\/wp-json\/wp\/v2\/categories?post=54334"},{"taxonomy":"post_tag","embeddable":true,"href":"https:\/\/www.sincomam.org.br\/index.php\/wp-json\/wp\/v2\/tags?post=54334"}],"curies":[{"name":"wp","href":"https:\/\/api.w.org\/{rel}","templated":true}]}}