{"id":54294,"date":"2024-09-27T08:27:24","date_gmt":"2024-09-27T11:27:24","guid":{"rendered":"http:\/\/www.sincomam.org.br\/?p=54294"},"modified":"2024-09-27T08:27:24","modified_gmt":"2024-09-27T11:27:24","slug":"portos-de-santos-e-las-palmas-estudam-convenios","status":"publish","type":"post","link":"https:\/\/www.sincomam.org.br\/index.php\/portos-de-santos-e-las-palmas-estudam-convenios\/","title":{"rendered":"Portos de Santos e Las Palmas estudam conv\u00eanios"},"content":{"rendered":"<p>A Autoridade Portu\u00e1ria de Santos (APS) recebeu, nesta quinta-feira (26), uma comitiva da Autoridade Portu\u00e1ria de Las Palmas, das Ilhas Can\u00e1rias, Espanha. O encontro teve como foco o in\u00edcio de estudos para a cria\u00e7\u00e3o de conv\u00eanios e parcerias entre os dois portos, que poder\u00e3o resultar em benef\u00edcios comerciais e log\u00edsticos.<\/p>\n<p>A presidente da Autoridade Portu\u00e1ria de Las Palmas, Beatriz Calzada Ojeda, destacou a import\u00e2ncia estrat\u00e9gica do porto espanhol, que \u00e9 o maior multiprop\u00f3sito do Atl\u00e2ntico m\u00e9dio e da Espanha. Com um calado de 30 a 50 metros e sua localiza\u00e7\u00e3o pr\u00f3xima \u00e0 costa do Marrocos, Las Palmas funciona como uma porta de entrada para a Europa e \u00c1frica, conectado a 510 portos em 135 pa\u00edses.<\/p>\n<p>Beatriz tamb\u00e9m mencionou o aumento de 40% na movimenta\u00e7\u00e3o do porto devido \u00e0 crise de seguran\u00e7a no Mar Vermelho, al\u00e9m das vantagens de incluir Las Palmas nas rotas de navios vindos do Brasil, por ser um trajeto mais curto, reduzindo emiss\u00f5es de carbono. Outro ponto de destaque foi a capacidade de Las Palmas em lidar com cargas destinadas \u00e0 \u00c1frica, principalmente alimentos e doa\u00e7\u00f5es humanit\u00e1rias. A executiva explicou que 30% das doa\u00e7\u00f5es enfrentam problemas de perda de carga quando transportadas sem especialistas em log\u00edstica para o continente africano.<\/p>\n<p>Las Palmas tamb\u00e9m oferece vantagens para empresas brasileiras que desejem se instalar na Zona Franca das Ilhas Can\u00e1rias, onde os impostos s\u00e3o de apenas 4%, muito abaixo da m\u00e9dia europeia de 25%. Com uma popula\u00e7\u00e3o de dois milh\u00f5es de habitantes, as Ilhas Can\u00e1rias atraem empresas interessadas em acessar o crescente mercado africano. Al\u00e9m disso, o arquip\u00e9lago \u00e9 um destino popular de cruzeiros, recebendo 18 milh\u00f5es de visitantes por ano.<\/p>\n<p>J\u00e1 o presidente da APS, Anderson Pomini, apresentou os planos de investimento e expans\u00e3o do Porto de Santos, com \u00eanfase nos projetos de descarboniza\u00e7\u00e3o e nas parcerias j\u00e1 firmadas com outros portos espanh\u00f3is, como Barcelona, Val\u00eancia e Algecira.<\/p>\n<p>A comitiva de Las Palmas, composta por autoridades como Francisco Javier Trujillo Ram\u00edrez, diretor do porto, e Luis Padilla Macabeo, diretor de Rela\u00e7\u00f5es com a \u00c1frica, tamb\u00e9m teve a oportunidade de visitar o Porto de Santos em uma embarca\u00e7\u00e3o pelo canal de navega\u00e7\u00e3o. Com esses estudos e parcerias, espera-se que os dois portos ampliem suas opera\u00e7\u00f5es, principalmente no com\u00e9rcio com o continente africano e na melhoria da infraestrutura log\u00edstica.<\/p>\n<p>Fonte: Portos e Navios<\/p>\n","protected":false},"excerpt":{"rendered":"<p>A Autoridade Portu\u00e1ria de Santos (APS) recebeu, nesta quinta-feira (26), uma comitiva da Autoridade Portu\u00e1ria de Las Palmas, das Ilhas Can\u00e1rias, Espanha. O encontro teve&#8230;<\/p>\n","protected":false},"author":1527,"featured_media":54296,"comment_status":"closed","ping_status":"closed","sticky":false,"template":"","format":"standard","meta":{"footnotes":""},"categories":[6],"tags":[],"class_list":["post-54294","post","type-post","status-publish","format-standard","has-post-thumbnail","hentry","category-noticias"],"_links":{"self":[{"href":"https:\/\/www.sincomam.org.br\/index.php\/wp-json\/wp\/v2\/posts\/54294","targetHints":{"allow":["GET"]}}],"collection":[{"href":"https:\/\/www.sincomam.org.br\/index.php\/wp-json\/wp\/v2\/posts"}],"about":[{"href":"https:\/\/www.sincomam.org.br\/index.php\/wp-json\/wp\/v2\/types\/post"}],"author":[{"embeddable":true,"href":"https:\/\/www.sincomam.org.br\/index.php\/wp-json\/wp\/v2\/users\/1527"}],"replies":[{"embeddable":true,"href":"https:\/\/www.sincomam.org.br\/index.php\/wp-json\/wp\/v2\/comments?post=54294"}],"version-history":[{"count":1,"href":"https:\/\/www.sincomam.org.br\/index.php\/wp-json\/wp\/v2\/posts\/54294\/revisions"}],"predecessor-version":[{"id":54297,"href":"https:\/\/www.sincomam.org.br\/index.php\/wp-json\/wp\/v2\/posts\/54294\/revisions\/54297"}],"wp:featuredmedia":[{"embeddable":true,"href":"https:\/\/www.sincomam.org.br\/index.php\/wp-json\/wp\/v2\/media\/54296"}],"wp:attachment":[{"href":"https:\/\/www.sincomam.org.br\/index.php\/wp-json\/wp\/v2\/media?parent=54294"}],"wp:term":[{"taxonomy":"category","embeddable":true,"href":"https:\/\/www.sincomam.org.br\/index.php\/wp-json\/wp\/v2\/categories?post=54294"},{"taxonomy":"post_tag","embeddable":true,"href":"https:\/\/www.sincomam.org.br\/index.php\/wp-json\/wp\/v2\/tags?post=54294"}],"curies":[{"name":"wp","href":"https:\/\/api.w.org\/{rel}","templated":true}]}}