{"id":54286,"date":"2024-09-27T08:25:32","date_gmt":"2024-09-27T11:25:32","guid":{"rendered":"http:\/\/www.sincomam.org.br\/?p=54286"},"modified":"2024-09-27T08:25:32","modified_gmt":"2024-09-27T11:25:32","slug":"dia-maritimo-mundial-sera-celebrado-com-regatas-e-programacao-cultural-em-belem","status":"publish","type":"post","link":"https:\/\/www.sincomam.org.br\/index.php\/dia-maritimo-mundial-sera-celebrado-com-regatas-e-programacao-cultural-em-belem\/","title":{"rendered":"Dia Mar\u00edtimo Mundial ser\u00e1 celebrado com regatas e programa\u00e7\u00e3o cultural em Bel\u00e9m"},"content":{"rendered":"<p class=\"paragrafo\">O\u00a0Dia Mar\u00edtimo Mundial\u00a0ser\u00e1 celebrado com\u00a0regatas\u00a0e\u00a0programa\u00e7\u00e3o cultural\u00a0neste\u00a0s\u00e1bado (28), a partir das 8h, no Centro de Instru\u00e7\u00e3o Almirante Braz de Aguiar (Ciaba), na avenida Arthur Bernardes, bairro da Pratinha, em Bel\u00e9m. Os clubes Paysandu, Remo, Tuna Luso Brasileira e Guajar\u00e1 disputar\u00e3o a 3\u00aa Etapa do Campeonato Paraense de Remo. Haver\u00e1, ainda, regata \u00e0 Vela entre alunos da Escola de Forma\u00e7\u00e3o de Oficiais da Marinha Mercante (EFOMM) e velejadores das marinas e iates clubes da capital, nas classes Laser e Oceano. A programa\u00e7\u00e3o foi divulgada pela Marinha do Brasil.<\/p>\n<p class=\"paragrafo\">O evento ser\u00e1 aberto apenas para estudantes e entusiastas dos esportes n\u00e1uticos que j\u00e1 se inscreveram por meio de formul\u00e1rio que n\u00e3o est\u00e1 mais dispon\u00edvel. Esse\u00a0p\u00fablico ter\u00e1 acesso a Laborat\u00f3rios e Salas de Aulas do CIABA, com destaque para o Planet\u00e1rio e Simulador de Manobra.<\/p>\n<p class=\"paragrafo\">A programa\u00e7\u00e3o tamb\u00e9m contar\u00e1 com exposi\u00e7\u00f5es do 2\u00ba Batalh\u00e3o de Opera\u00e7\u00f5es Ribeirinhas (2\u00b0BtlOpRib), Grupamento de Patrulha Naval do Norte, Centro de Hidrografia e Navega\u00e7\u00e3o do Norte, 1\u00ba Esquadr\u00e3o de Helic\u00f3pteros de Emprego Geral do Norte, al\u00e9m de apresenta\u00e7\u00f5es da Banda do 2\u00b0BtlOpRib e Banda dos Alunos do Gr\u00eamio de M\u00fasica da EFOMM.<\/p>\n<div class=\"bgbanner\">\n<div class=\"internas desktop\" data-google-query-id=\"CJ7H6d-A44gDFXRU3QIdUvQdTA\">\n<h2>3\u00aa Etapa do Campeonato Paraense de Remo<\/h2>\n<p class=\"paragrafo\">Paysandu, Clube do Remo, Tuna Luso Brasileira e Guajar\u00e1 disputar\u00e3o 11 provas que comp\u00f5em a 3\u00aa Etapa do Campeonato Paraense de Remo 2024. Ser\u00e1 a pen\u00faltima etapa do Campeonato \u2013 a 4\u00aa etapa est\u00e1 prevista para o dia 10 de novembro. O Paysandu lidera o Campeonato, com 74 pontos; seguido por Clube do Remo (26 pontos); Guajar\u00e1 (15); e Tuna Luso (2).<\/p>\n<p class=\"paragrafo\">A competi\u00e7\u00e3o \u00e9 organizada pela Federa\u00e7\u00e3o Paraense de Remo (Fepar), que este ano celebra seus 25 anos de funda\u00e7\u00e3o. Esta ser\u00e1 a 109\u00aa edi\u00e7\u00e3o do Campeonato Paraense de Remo, cuja primeira disputa foi realizada em 1905. Trata-se da competi\u00e7\u00e3o esportiva mais antiga no Par\u00e1, iniciada tr\u00eas anos antes dos torneios oficiais de Futebol.<\/p>\n<h2>Dia Mar\u00edtimo Mundial<\/h2>\n<p class=\"paragrafo\">O Dia Mar\u00edtimo Mundial foi institu\u00eddo em 1978 pela Organiza\u00e7\u00e3o Mar\u00edtima Internacional (IMO), ag\u00eancia da Organiza\u00e7\u00e3o das Na\u00e7\u00f5es Unidas encarregada de regular o transporte mar\u00edtimo. A data \u00e9 comemorada sempre na \u00faltima quinta-feira de setembro e conta com o apoio de 175 pa\u00edses-membros da IMO. O objetivo \u00e9 fortalecer o entendimento da atividade mar\u00edtima como imprescind\u00edvel para a manuten\u00e7\u00e3o da economia e do com\u00e9rcio global, al\u00e9m de promover a seguran\u00e7a da navega\u00e7\u00e3o, divulgar a\u00e7\u00f5es que protegem o ambiente marinho e destacar os feitos dos profissionais do mar.<\/p>\n<p class=\"paragrafo\">De acordo com as Na\u00e7\u00f5es Unidas, 80% das mercadorias comercializadas globalmente s\u00e3o transportadas em navios. A porcentagem \u00e9 ainda maior nos pa\u00edses em desenvolvimento.<\/p>\n<p>Fonte: O Liberal.com<\/p>\n<\/div>\n<\/div>\n","protected":false},"excerpt":{"rendered":"<p>O\u00a0Dia Mar\u00edtimo Mundial\u00a0ser\u00e1 celebrado com\u00a0regatas\u00a0e\u00a0programa\u00e7\u00e3o cultural\u00a0neste\u00a0s\u00e1bado (28), a partir das 8h, no Centro de Instru\u00e7\u00e3o Almirante Braz de Aguiar (Ciaba), na avenida Arthur Bernardes, bairro&#8230;<\/p>\n","protected":false},"author":1527,"featured_media":54288,"comment_status":"closed","ping_status":"closed","sticky":false,"template":"","format":"standard","meta":{"footnotes":""},"categories":[6],"tags":[],"class_list":["post-54286","post","type-post","status-publish","format-standard","has-post-thumbnail","hentry","category-noticias"],"_links":{"self":[{"href":"https:\/\/www.sincomam.org.br\/index.php\/wp-json\/wp\/v2\/posts\/54286","targetHints":{"allow":["GET"]}}],"collection":[{"href":"https:\/\/www.sincomam.org.br\/index.php\/wp-json\/wp\/v2\/posts"}],"about":[{"href":"https:\/\/www.sincomam.org.br\/index.php\/wp-json\/wp\/v2\/types\/post"}],"author":[{"embeddable":true,"href":"https:\/\/www.sincomam.org.br\/index.php\/wp-json\/wp\/v2\/users\/1527"}],"replies":[{"embeddable":true,"href":"https:\/\/www.sincomam.org.br\/index.php\/wp-json\/wp\/v2\/comments?post=54286"}],"version-history":[{"count":1,"href":"https:\/\/www.sincomam.org.br\/index.php\/wp-json\/wp\/v2\/posts\/54286\/revisions"}],"predecessor-version":[{"id":54289,"href":"https:\/\/www.sincomam.org.br\/index.php\/wp-json\/wp\/v2\/posts\/54286\/revisions\/54289"}],"wp:featuredmedia":[{"embeddable":true,"href":"https:\/\/www.sincomam.org.br\/index.php\/wp-json\/wp\/v2\/media\/54288"}],"wp:attachment":[{"href":"https:\/\/www.sincomam.org.br\/index.php\/wp-json\/wp\/v2\/media?parent=54286"}],"wp:term":[{"taxonomy":"category","embeddable":true,"href":"https:\/\/www.sincomam.org.br\/index.php\/wp-json\/wp\/v2\/categories?post=54286"},{"taxonomy":"post_tag","embeddable":true,"href":"https:\/\/www.sincomam.org.br\/index.php\/wp-json\/wp\/v2\/tags?post=54286"}],"curies":[{"name":"wp","href":"https:\/\/api.w.org\/{rel}","templated":true}]}}