{"id":5428,"date":"2014-05-13T08:15:25","date_gmt":"2014-05-13T11:15:25","guid":{"rendered":"http:\/\/www.sincomam.org.br\/?p=5428"},"modified":"2014-05-12T23:22:12","modified_gmt":"2014-05-13T02:22:12","slug":"porto-de-salvador-deveria-estar-pronto-em-agosto-mas-obras-ainda-continuam","status":"publish","type":"post","link":"https:\/\/www.sincomam.org.br\/index.php\/porto-de-salvador-deveria-estar-pronto-em-agosto-mas-obras-ainda-continuam\/","title":{"rendered":"Porto de Salvador deveria estar pronto em agosto, mas obras ainda continuam"},"content":{"rendered":"<p>A primeira parte das obras do Terminal de Passageiros do Porto de Salvador deve ser conclu\u00edda at\u00e9 o final do m\u00eas de maio. \u00c9 o que garante o presidente da Companhia das Docas do Estado da Bahia (Codeba), Jos\u00e9 Rebou\u00e7as, e o ministro da Secretaria dos Portos, Ant\u00f4nio Henrique Silveira, que, nessa sexta-feira (9\/5), realizou uma visita t\u00e9cnica no local.<\/p>\n<p>A constru\u00e7\u00e3o, que deveria ter sido entregue em agosto de 2013, est\u00e1 com 85% das obras executadas. Ainda n\u00e3o h\u00e1 data espec\u00edfica para a conclus\u00e3o, mas, de acordo com o ministro, o porto estar\u00e1 pronto para atender aos passageiros dos dois navios que v\u00e3o chegar do M\u00e9xico, em junho, para a Copa do Mundo.<\/p>\n<p>A expectativa \u00e9 que at\u00e9 junho todo o equipamento esteja conclu\u00eddo. \u201cO Porto de Salvador, talvez o maior do Nordeste, ter\u00e1 condi\u00e7\u00f5es de fazer o receptivo da Copa, j\u00e1 que est\u00e1 compat\u00edvel com o cronograma. Com certeza este ser\u00e1 um equipamento tur\u00edstico importante para a cidade\u201d, afirmou o ministro, que esteve acompanhado do secret\u00e1rio de infraestrutura portu\u00e1ria, Tiago de Barros Correia.<\/p>\n<p>O Terminal de Passageiros ser\u00e1 operado atrav\u00e9s de concess\u00e3o \u00e0 iniciativa privada. Segundo a assessoria da Codeba, a concess\u00e3o para opera\u00e7\u00e3o do Terminal dever\u00e1 ser obtida pela empresa que apresentar a melhor proposta de utiliza\u00e7\u00e3o do espa\u00e7o.<\/p>\n<p>Fonte: Tribuna da Bahia\/Ma\u00edra C\u00f4rtes<\/p>\n<p>Foto: Porto de Salvador &#8211; CODEBA<\/p>\n","protected":false},"excerpt":{"rendered":"<p>A primeira parte das obras do Terminal de Passageiros do Porto de Salvador deve ser conclu\u00edda at\u00e9 o final do m\u00eas de maio. \u00c9 o&#8230;<\/p>\n","protected":false},"author":1182,"featured_media":5429,"comment_status":"closed","ping_status":"closed","sticky":false,"template":"","format":"standard","meta":{"footnotes":""},"categories":[6],"tags":[131,126,80,847,472],"class_list":["post-5428","post","type-post","status-publish","format-standard","has-post-thumbnail","hentry","category-noticias","tag-construcao","tag-obras","tag-porto","tag-salvador","tag-termino"],"_links":{"self":[{"href":"https:\/\/www.sincomam.org.br\/index.php\/wp-json\/wp\/v2\/posts\/5428","targetHints":{"allow":["GET"]}}],"collection":[{"href":"https:\/\/www.sincomam.org.br\/index.php\/wp-json\/wp\/v2\/posts"}],"about":[{"href":"https:\/\/www.sincomam.org.br\/index.php\/wp-json\/wp\/v2\/types\/post"}],"author":[{"embeddable":true,"href":"https:\/\/www.sincomam.org.br\/index.php\/wp-json\/wp\/v2\/users\/1182"}],"replies":[{"embeddable":true,"href":"https:\/\/www.sincomam.org.br\/index.php\/wp-json\/wp\/v2\/comments?post=5428"}],"version-history":[{"count":1,"href":"https:\/\/www.sincomam.org.br\/index.php\/wp-json\/wp\/v2\/posts\/5428\/revisions"}],"predecessor-version":[{"id":5430,"href":"https:\/\/www.sincomam.org.br\/index.php\/wp-json\/wp\/v2\/posts\/5428\/revisions\/5430"}],"wp:featuredmedia":[{"embeddable":true,"href":"https:\/\/www.sincomam.org.br\/index.php\/wp-json\/wp\/v2\/media\/5429"}],"wp:attachment":[{"href":"https:\/\/www.sincomam.org.br\/index.php\/wp-json\/wp\/v2\/media?parent=5428"}],"wp:term":[{"taxonomy":"category","embeddable":true,"href":"https:\/\/www.sincomam.org.br\/index.php\/wp-json\/wp\/v2\/categories?post=5428"},{"taxonomy":"post_tag","embeddable":true,"href":"https:\/\/www.sincomam.org.br\/index.php\/wp-json\/wp\/v2\/tags?post=5428"}],"curies":[{"name":"wp","href":"https:\/\/api.w.org\/{rel}","templated":true}]}}