{"id":54277,"date":"2024-09-26T09:13:54","date_gmt":"2024-09-26T12:13:54","guid":{"rendered":"http:\/\/www.sincomam.org.br\/?p=54277"},"modified":"2024-09-26T09:13:54","modified_gmt":"2024-09-26T12:13:54","slug":"receita-permite-atualizacao-de-valor-de-imovel-na-declaracao-do-ir","status":"publish","type":"post","link":"https:\/\/www.sincomam.org.br\/index.php\/receita-permite-atualizacao-de-valor-de-imovel-na-declaracao-do-ir\/","title":{"rendered":"Receita permite atualiza\u00e7\u00e3o de valor de im\u00f3vel na declara\u00e7\u00e3o do IR"},"content":{"rendered":"<p>A partir desta ter\u00e7a-feira (24) at\u00e9 16 de dezembro, os contribuintes poder\u00e3o atualizar o valor do im\u00f3vel na declara\u00e7\u00e3o do Imposto de Renda em troca do pagamento imediato do tributo com al\u00edquotas reduzidas. A Receita Federal publicou uma\u00a0<a href=\"http:\/\/normas.receita.fazenda.gov.br\/sijut2consulta\/link.action?idAto=140646\">instru\u00e7\u00e3o normativa<\/a>\u00a0que regulamenta a possibilidade, autorizada pela\u00a0<a href=\"https:\/\/www.planalto.gov.br\/ccivil_03\/_ato2023-2026\/2024\/lei\/l14973.htm\">Lei 14.973<\/a>, que estabeleceu a reonera\u00e7\u00e3o gradual da folha de pagamento at\u00e9 2027.<img decoding=\"async\" src=\"https:\/\/agenciabrasil.ebc.com.br\/ebc.png?id=1613550&amp;o=node\" \/><img decoding=\"async\" src=\"https:\/\/agenciabrasil.ebc.com.br\/ebc.gif?id=1613550&amp;o=node\" \/><\/p>\n<p>At\u00e9 agora, a legisla\u00e7\u00e3o n\u00e3o permitia a atualiza\u00e7\u00e3o do valor de compra dos im\u00f3veis na declara\u00e7\u00e3o do Imposto de Renda, exceto nos casos de reforma e amplia\u00e7\u00e3o devidamente comprovados. A nova lei permite a atualiza\u00e7\u00e3o do valor na declara\u00e7\u00e3o, recolhendo o tributo sobre o ganho de valor antecipadamente, com al\u00edquotas reduzidas.<\/p>\n<p>A medida beneficia tanto pessoas f\u00edsicas como empresas, mas s\u00f3 \u00e9 vantajosa para quem pretende vender o im\u00f3vel no m\u00e9dio e no longo prazo. Para a pessoa f\u00edsica, ser\u00e1 aplicada uma al\u00edquota de 4% de Imposto de Renda sobre a diferen\u00e7a do valor de compra do im\u00f3vel e o valor atualizado. As empresas pagar\u00e3o 6% de Imposto de Renda Pessoa Jur\u00eddica (IRPJ) e 4% de Contribui\u00e7\u00e3o Social sobre o Lucro L\u00edquido (CSLL).<\/p>\n<p>Atualmente, as pessoas f\u00edsicas pagam de 15% a 22,5% de Imposto de Renda sobre o ganho de capital (valoriza\u00e7\u00e3o do bem ao longo do tempo) no momento da venda do im\u00f3vel. As pessoas jur\u00eddicas geralmente pagam 15% de IRPJ e 9% de CSLL, totalizando 24%, mas a soma dos dois tributos pode atingir 34%, dependendo do regime de tributa\u00e7\u00e3o da empresa.<\/p>\n<h2>Dedu\u00e7\u00e3o<\/h2>\n<p>As al\u00edquotas cobradas na venda do im\u00f3vel n\u00e3o mudaram. No entanto, a Receita permitir\u00e1 que quem atualizou o valor do im\u00f3vel na declara\u00e7\u00e3o deduza, da base de c\u00e1lculo, a diferen\u00e7a entre o montante atualizado e o montante antes da atualiza\u00e7\u00e3o. Isso resulta em pagamento de menos tributos para quem aproveitou o benef\u00edcio.<\/p>\n<p>Quem vender o im\u00f3vel at\u00e9 tr\u00eas anos ap\u00f3s a atualiza\u00e7\u00e3o n\u00e3o poder\u00e1 deduzir nada. A partir do quarto ano, a parcela a ser descontada aumenta oito pontos percentuais ao ano sobre o valor da diferen\u00e7a \u2013 entre o valor atualizado e antes da atualiza\u00e7\u00e3o \u2013 at\u00e9 atingir 100% depois de 15 anos. Somente a partir do 16\u00ba ano, a dedu\u00e7\u00e3o ser\u00e1 total. Na pr\u00e1tica, o benef\u00edcio ser\u00e1 proveitoso apenas para quem trocar de im\u00f3vel a partir do nono ou do d\u00e9cimo ano ap\u00f3s a atualiza\u00e7\u00e3o.<\/p>\n<h2>Procedimento<\/h2>\n<p>Os interessados em atualizar o valor do im\u00f3vel na declara\u00e7\u00e3o dever\u00e3o apresentar a Declara\u00e7\u00e3o de Op\u00e7\u00e3o pela Atualiza\u00e7\u00e3o de Bens Im\u00f3veis (Dabim). O documento est\u00e1 dispon\u00edvel a partir desta ter\u00e7a-feira no\u00a0<a href=\"https:\/\/cav.receita.fazenda.gov.br\/autenticacao\/login\">Centro Virtual de Atendimento<\/a>\u00a0(e-CAC) da Receita Federal.<\/p>\n<p>O projeto de lei do Or\u00e7amento de 2025, enviado ao Congresso no fim de agosto, n\u00e3o prev\u00ea quanto o governo pode arrecadar com a antecipa\u00e7\u00e3o de tributos. Segundo o governo, n\u00e3o foi poss\u00edvel fazer os c\u00e1lculos porque o impacto sobre os cofres federais dependeria da velocidade da equipe econ\u00f4mica em regulamentar a medida.<\/p>\n<p>Fonte: Ag\u00eancia Brasil<\/p>\n","protected":false},"excerpt":{"rendered":"<p>A partir desta ter\u00e7a-feira (24) at\u00e9 16 de dezembro, os contribuintes poder\u00e3o atualizar o valor do im\u00f3vel na declara\u00e7\u00e3o do Imposto de Renda em troca&#8230;<\/p>\n","protected":false},"author":1527,"featured_media":54279,"comment_status":"closed","ping_status":"closed","sticky":false,"template":"","format":"standard","meta":{"footnotes":""},"categories":[6],"tags":[],"class_list":["post-54277","post","type-post","status-publish","format-standard","has-post-thumbnail","hentry","category-noticias"],"_links":{"self":[{"href":"https:\/\/www.sincomam.org.br\/index.php\/wp-json\/wp\/v2\/posts\/54277","targetHints":{"allow":["GET"]}}],"collection":[{"href":"https:\/\/www.sincomam.org.br\/index.php\/wp-json\/wp\/v2\/posts"}],"about":[{"href":"https:\/\/www.sincomam.org.br\/index.php\/wp-json\/wp\/v2\/types\/post"}],"author":[{"embeddable":true,"href":"https:\/\/www.sincomam.org.br\/index.php\/wp-json\/wp\/v2\/users\/1527"}],"replies":[{"embeddable":true,"href":"https:\/\/www.sincomam.org.br\/index.php\/wp-json\/wp\/v2\/comments?post=54277"}],"version-history":[{"count":1,"href":"https:\/\/www.sincomam.org.br\/index.php\/wp-json\/wp\/v2\/posts\/54277\/revisions"}],"predecessor-version":[{"id":54280,"href":"https:\/\/www.sincomam.org.br\/index.php\/wp-json\/wp\/v2\/posts\/54277\/revisions\/54280"}],"wp:featuredmedia":[{"embeddable":true,"href":"https:\/\/www.sincomam.org.br\/index.php\/wp-json\/wp\/v2\/media\/54279"}],"wp:attachment":[{"href":"https:\/\/www.sincomam.org.br\/index.php\/wp-json\/wp\/v2\/media?parent=54277"}],"wp:term":[{"taxonomy":"category","embeddable":true,"href":"https:\/\/www.sincomam.org.br\/index.php\/wp-json\/wp\/v2\/categories?post=54277"},{"taxonomy":"post_tag","embeddable":true,"href":"https:\/\/www.sincomam.org.br\/index.php\/wp-json\/wp\/v2\/tags?post=54277"}],"curies":[{"name":"wp","href":"https:\/\/api.w.org\/{rel}","templated":true}]}}