{"id":54252,"date":"2024-09-25T01:16:23","date_gmt":"2024-09-25T04:16:23","guid":{"rendered":"http:\/\/www.sincomam.org.br\/?p=54252"},"modified":"2024-09-25T01:16:23","modified_gmt":"2024-09-25T04:16:23","slug":"5-capitais-devem-bater-recorde-de-calor-nesta-semana","status":"publish","type":"post","link":"https:\/\/www.sincomam.org.br\/index.php\/5-capitais-devem-bater-recorde-de-calor-nesta-semana\/","title":{"rendered":"5 capitais devem bater recorde de calor nesta semana"},"content":{"rendered":"<div id=\"chunk-7m8m3\">\n<div class=\"mc-column content-text active-extra-styles \" data-block-type=\"unstyled\" data-block-weight=\"39\" data-block-id=\"2\">\n<p class=\" content-text__container \" data-track-category=\"Link no Texto\" data-track-links=\"\" data-mrf-recirculation=\"Article links\">A\u00a0s\u00e9tima onda de calor\u00a0do ano deve fazer com que algumas capitais do Centro-Oeste e do Sudeste batam novos recordes de calor nesta semana. Segundo a Climatempo,\u00a0ao menos cinco capitais devem registrar marcas in\u00e9ditas para o ano.<\/p>\n<\/div>\n<\/div>\n<div class=\"wall protected-content\">\n<div id=\"chunk-d6aai\">\n<div class=\"mc-column content-text active-extra-styles \" data-block-type=\"unstyled\" data-block-weight=\"11\" data-block-id=\"4\">\n<p class=\" content-text__container \" data-track-category=\"Link no Texto\" data-track-links=\"\" data-mrf-recirculation=\"Article links\">\ufe0fOs\u00a0recordes\u00a0devem ser registrados nas seguintes cidades nos pr\u00f3ximos dias:<\/p>\n<\/div>\n<\/div>\n<div id=\"chunk-18a5q\">\n<div class=\"mc-column content-text active-extra-styles\" data-block-type=\"raw\" data-block-weight=\"168\" data-block-id=\"5\">\n<ul class=\"content-unordered-list\" data-mrf-recirculation=\"Recomendado\">\n<li><strong>S\u00e3o Paulo<br \/>\n<\/strong>A\u00a0temperatura mais alta do ano na capital paulista, de 35,1\u00b0C, foi registrada na ter\u00e7a, 24 de setembro. A marca pode ser batida novamente com a previs\u00e3o de m\u00e1xima que deve superar os 35\u00b0C nesta quarta (25).<\/li>\n<li><strong>Rio de Janeiro<br \/>\n<\/strong>Os term\u00f4metros registraram 39,5\u00b0C na cidade em 17 de janeiro. A expectativa \u00e9 que a m\u00e1xima se aproxime novamente desse patamar na pr\u00f3xima quinta (26), com previs\u00e3o de 39\u00b0C.<\/li>\n<li><strong>Belo Horizonte<br \/>\n<\/strong>O recorde recente de 34,4\u00b0C na capital mineira, registrado em 3 de setembro, pode ser igualado ou quebrado na sexta (27). A m\u00e1xima prevista \u00e9 de 34\u00b0C.<\/li>\n<li><strong>Campo Grande<br \/>\n<\/strong>Tamb\u00e9m com um recorde recente de calor, com os term\u00f4metros chegando a 39,8\u00b0C em 24 de setembro, a capital do Mato Grosso do Sul pode ter um novo recorde nesta quarta, com m\u00e1xima prevista de 39\u00b0C.<\/li>\n<li><strong>Bras\u00edlia<br \/>\n<\/strong>A capital federal tamb\u00e9m pode registrar um novo recorde de calor nesta semana. O recorde de 33,5\u00b0C de 23 de setembro pode ser quebrado tamb\u00e9m nesta quarta, com os term\u00f4metros podendo chegar a 34\u00b0C<\/li>\n<\/ul>\n<p>A nova onda de calor, que come\u00e7ou na segunda (23), deve se estender ao menos at\u00e9 a pr\u00f3xima sexta (27). Sul, Sudeste e Centro-Oeste devem ser a regi\u00f5es mais afetadas.<\/p>\n<p>Segundo o Instituto Nacional de Meteorologia (Inmet), norte do Rio Grande do Sul, Santa Catarina, Paran\u00e1, S\u00e3o Paulo, sudoeste de Minas Gerais, sul de Goi\u00e1s, Mato Grosso do Sul, leste do Mato Grosso, Rond\u00f4nia, sul do Amazonas e sudeste do Acre devem ter\u00a0temperaturas 5\u00baC acima da m\u00e9dia por per\u00edodo de at\u00e9 5 dias.<\/p>\n<div id=\"chunk-45cq6\">\n<div class=\"mc-column content-text active-extra-styles\" data-block-type=\"raw\" data-block-weight=\"3\" data-block-id=\"14\">\n<div class=\"content-intertitle\">\n<h2>Temporais no Sul<\/h2>\n<\/div>\n<p>Mesmo com a previs\u00e3o de altas temperaturas para os pr\u00f3ximos dias, os temporais devem seguir no Sul do pa\u00eds.<\/p>\n<\/div>\n<\/div>\n<div id=\"chunk-e5b86\">\n<div class=\"mc-column content-text active-extra-styles \" data-block-type=\"unstyled\" data-block-weight=\"43\" data-block-id=\"16\">\n<p class=\" content-text__container \" data-track-category=\"Link no Texto\" data-track-links=\"\" data-mrf-recirculation=\"Article links\">Segundo o Inmet, o\u00a0sul do Rio Grande do Sul\u00a0deve ser a regi\u00e3o mais afetadas pelos grandes acumulados de chuva. Nesse locais, os\u00a0volumes podem superar os 100 mil\u00edmetros por dia. H\u00e1 grande risco de transbordamento de rios e deslizamentos de encostas.<\/p>\n<div id=\"chunk-9uhm6\">\n<div class=\"mc-column content-text active-extra-styles \" data-block-type=\"unstyled\" data-block-weight=\"37\" data-block-id=\"19\">\n<p class=\" content-text__container \" data-track-category=\"Link no Texto\" data-track-links=\"\" data-mrf-recirculation=\"Article links\">Nas regi\u00f5es central e norte do estado, os temporais tamb\u00e9m devem continuar, mas ser\u00e3o menos intensos. Na faixa central, os volumes n\u00e3o passam de 100 mil\u00edmetros di\u00e1rios, mas h\u00e1 chance de ventos intensos, de at\u00e9 100 km\/h.<\/p>\n<\/div>\n<\/div>\n<div id=\"chunk-fthjn\">\n<div class=\"mc-column content-text active-extra-styles \" data-block-type=\"unstyled\" data-block-weight=\"25\" data-block-id=\"20\">\n<p class=\" content-text__container \" data-track-category=\"Link no Texto\" data-track-links=\"\" data-mrf-recirculation=\"Article links\">O norte do estado, na divisa com Santa Catarina, deve ter acumulados de at\u00e9 50 mil\u00edmetros por dia e h\u00e1 possibilidade de queda de granizo.<\/p>\n<\/div>\n<\/div>\n<div id=\"chunk-5dtj7\">\n<div class=\"mc-column content-text active-extra-styles \" data-block-type=\"unstyled\" data-block-weight=\"34\" data-block-id=\"21\">\n<p class=\" content-text__container \" data-track-category=\"Link no Texto\" data-track-links=\"\" data-mrf-recirculation=\"Article links\"><strong><\/strong>A\u00a0<strong>massa de ar quente<\/strong>\u00a0que se instalou sobre a faixa central do pa\u00eds\u00a0dificulta que as chuvas avancem para o interior, fazendo com que a chuva se concentre no Rio Grande do Sul.<\/p>\n<\/div>\n<\/div>\n<div id=\"chunk-51vn8\">\n<div class=\"mc-column content-text active-extra-styles\" data-block-type=\"raw\" data-block-weight=\"4\" data-block-id=\"22\">\n<p class=\"content-text__container\" data-mrf-recirculation=\"Article links\"><strong>Volta das chuvas regulares<\/strong><\/p>\n<p>A nova onda de calor vai ao encontro ao previsto para a primavera, que come\u00e7ou oficialmente no domingo (22).<\/p>\n<\/div>\n<\/div>\n<div id=\"chunk-922od\">\n<div class=\"mc-column content-text active-extra-styles \" data-block-type=\"unstyled\" data-block-weight=\"27\" data-block-id=\"24\">\n<p class=\" content-text__container \" data-track-category=\"Link no Texto\" data-track-links=\"\" data-mrf-recirculation=\"Article links\">Segundo os meteorologistas, o in\u00edcio da primavera ainda deve ser de calor, com\u00a0expectativa de novas ondas de calor ao menos at\u00e9 a primeira quinzena de outubro.<\/p>\n<\/div>\n<\/div>\n<div id=\"chunk-2g6of\">\n<div class=\"mc-column content-text active-extra-styles \" data-block-type=\"unstyled\" data-block-weight=\"22\" data-block-id=\"25\">\n<p class=\" content-text__container \" data-track-category=\"Link no Texto\" data-track-links=\"\" data-mrf-recirculation=\"Article links\">Apesar do calor previsto para o in\u00edcio da esta\u00e7\u00e3o, a expectativa \u00e9 tamb\u00e9m da volta das chuvas regulares ao longo da primavera.<\/p>\n<\/div>\n<\/div>\n<div id=\"chunk-4s5b5\">\n<div class=\"mc-column content-text active-extra-styles \" data-block-type=\"unstyled\" data-block-weight=\"33\" data-block-id=\"26\">\n<p class=\" content-text__container \" data-track-category=\"Link no Texto\" data-track-links=\"\" data-mrf-recirculation=\"Article links\">\u27a1\ufe0fEm\u00a0<strong>outubro<\/strong>, a chuva deve voltar a ser mais constante na faixa entre Paran\u00e1 e S\u00e3o Paulo, passando pelo sul de Goi\u00e1s e se estendendo at\u00e9 boa parte do Amazonas e o Acre.<\/p>\n<p data-track-category=\"Link no Texto\" data-track-links=\"\" data-mrf-recirculation=\"Article links\">\u27a1\ufe0fJ\u00e1 em <strong>novembro<\/strong>, deve retornar para o restante do Sudeste e do Centro-oeste, al\u00e9m do norte do Amazonas, Roraima e Sul do Par\u00e1.<\/p>\n<div id=\"chunk-68j0j\">\n<div class=\"mc-column content-text active-extra-styles \" data-block-type=\"unstyled\" data-block-weight=\"15\" data-block-id=\"29\">\n<p class=\" content-text__container \" data-track-category=\"Link no Texto\" data-track-links=\"\" data-mrf-recirculation=\"Article links\">\u27a1\ufe0fPor fim, em\u00a0<strong>dezembro<\/strong>, a chuva volta para o sul da Bahia, Tocantins e Par\u00e1.<\/p>\n<\/div>\n<\/div>\n<\/div>\n<\/div>\n<\/div>\n<\/div>\n<\/div>\n<\/div>\n<\/div>\n","protected":false},"excerpt":{"rendered":"<p>A\u00a0s\u00e9tima onda de calor\u00a0do ano deve fazer com que algumas capitais do Centro-Oeste e do Sudeste batam novos recordes de calor nesta semana. Segundo a&#8230;<\/p>\n","protected":false},"author":1527,"featured_media":4314,"comment_status":"closed","ping_status":"closed","sticky":false,"template":"","format":"standard","meta":{"footnotes":""},"categories":[6],"tags":[],"class_list":["post-54252","post","type-post","status-publish","format-standard","has-post-thumbnail","hentry","category-noticias"],"_links":{"self":[{"href":"https:\/\/www.sincomam.org.br\/index.php\/wp-json\/wp\/v2\/posts\/54252","targetHints":{"allow":["GET"]}}],"collection":[{"href":"https:\/\/www.sincomam.org.br\/index.php\/wp-json\/wp\/v2\/posts"}],"about":[{"href":"https:\/\/www.sincomam.org.br\/index.php\/wp-json\/wp\/v2\/types\/post"}],"author":[{"embeddable":true,"href":"https:\/\/www.sincomam.org.br\/index.php\/wp-json\/wp\/v2\/users\/1527"}],"replies":[{"embeddable":true,"href":"https:\/\/www.sincomam.org.br\/index.php\/wp-json\/wp\/v2\/comments?post=54252"}],"version-history":[{"count":1,"href":"https:\/\/www.sincomam.org.br\/index.php\/wp-json\/wp\/v2\/posts\/54252\/revisions"}],"predecessor-version":[{"id":54254,"href":"https:\/\/www.sincomam.org.br\/index.php\/wp-json\/wp\/v2\/posts\/54252\/revisions\/54254"}],"wp:featuredmedia":[{"embeddable":true,"href":"https:\/\/www.sincomam.org.br\/index.php\/wp-json\/wp\/v2\/media\/4314"}],"wp:attachment":[{"href":"https:\/\/www.sincomam.org.br\/index.php\/wp-json\/wp\/v2\/media?parent=54252"}],"wp:term":[{"taxonomy":"category","embeddable":true,"href":"https:\/\/www.sincomam.org.br\/index.php\/wp-json\/wp\/v2\/categories?post=54252"},{"taxonomy":"post_tag","embeddable":true,"href":"https:\/\/www.sincomam.org.br\/index.php\/wp-json\/wp\/v2\/tags?post=54252"}],"curies":[{"name":"wp","href":"https:\/\/api.w.org\/{rel}","templated":true}]}}