{"id":54244,"date":"2024-09-25T01:06:48","date_gmt":"2024-09-25T04:06:48","guid":{"rendered":"http:\/\/www.sincomam.org.br\/?p=54244"},"modified":"2024-09-25T01:06:48","modified_gmt":"2024-09-25T04:06:48","slug":"femar-e-projeto-aguas-da-guanabara-promovem-educacao-ambiental-no-rj","status":"publish","type":"post","link":"https:\/\/www.sincomam.org.br\/index.php\/femar-e-projeto-aguas-da-guanabara-promovem-educacao-ambiental-no-rj\/","title":{"rendered":"FEMAR e Projeto \u00c1guas da Guanabara promovem educa\u00e7\u00e3o ambiental no RJ"},"content":{"rendered":"<p>A Funda\u00e7\u00e3o de Estudos do Mar (FEMAR) e o Projeto \u00c1guas da Guanabara uniram esfor\u00e7os em uma importante a\u00e7\u00e3o de educa\u00e7\u00e3o ambiental voltada para a preserva\u00e7\u00e3o do ecossistema marinho. Estudantes de S\u00e3o Gon\u00e7alo participaram de atividades que destacaram a import\u00e2ncia da Ba\u00eda de Guanabara e os desafios enfrentados para sua conserva\u00e7\u00e3o, refor\u00e7ando o compromisso com o meio ambiente e a seguran\u00e7a no mar.<\/p>\n<p><strong>Detalhes da parceria entre FEMAR e Projeto \u00c1guas da Guanabara<\/strong><\/p>\n<p>O Projeto \u00c1guas da Guanabara \u00e9 uma iniciativa liderada pela Federa\u00e7\u00e3o dos Pescadores do Estado do Rio de Janeiro, em parceria com a Secretaria de Estado de Agricultura, Pecu\u00e1ria, Pesca e Abastecimento e prefeituras locais. O objetivo principal \u00e9 a recupera\u00e7\u00e3o do ecossistema da Ba\u00eda de Guanabara, com o apoio de pescadores e pesquisadores, que coletam res\u00edduos s\u00f3lidos e monitoram a sa\u00fade ambiental da regi\u00e3o. A colabora\u00e7\u00e3o entre diferentes setores da sociedade fortalece a capacidade de a\u00e7\u00e3o e preserva\u00e7\u00e3o ambiental.<\/p>\n<p>A parceria com a FEMAR vem para ampliar esses esfor\u00e7os, n\u00e3o apenas no campo das pesquisas e monitoramento, mas tamb\u00e9m com foco na conscientiza\u00e7\u00e3o e educa\u00e7\u00e3o ambiental. A doa\u00e7\u00e3o de 35 coletes salva-vidas pela FEMAR ao projeto simboliza a preocupa\u00e7\u00e3o com a seguran\u00e7a da vida humana no mar, mas tamb\u00e9m ressalta a necessidade de proteger o ambiente marinho. Essa uni\u00e3o de for\u00e7as entre pescadores, cientistas e educadores oferece um exemplo de como a\u00e7\u00f5es coletivas podem trazer avan\u00e7os significativos na luta contra a degrada\u00e7\u00e3o do meio ambiente.<\/p>\n<p><strong>Atividades realizadas com os estudantes e sua import\u00e2ncia educacional<\/strong><\/p>\n<p>Como parte da iniciativa, aproximadamente 20 alunos do ensino fundamental I da Escola Estadual Municipalizada de Itaitindiba, em S\u00e3o Gon\u00e7alo, participaram de um dia de atividades educativas. O foco dessas a\u00e7\u00f5es foi a conscientiza\u00e7\u00e3o ambiental e a import\u00e2ncia da preserva\u00e7\u00e3o do ecossistema litor\u00e2neo. Durante a programa\u00e7\u00e3o, os estudantes puderam navegar pelo litoral de S\u00e3o Gon\u00e7alo at\u00e9 a foz do Rio Imboa\u00e7u, onde observaram de perto a fauna e flora da regi\u00e3o.<\/p>\n<p>A experi\u00eancia pr\u00e1tica foi essencial para que os alunos pudessem entender, de maneira direta, o impacto das a\u00e7\u00f5es humanas sobre o meio ambiente. As crian\u00e7as tiveram contato com embarca\u00e7\u00f5es de pescadores, participaram de explana\u00e7\u00f5es sobre o uso sustent\u00e1vel dos recursos mar\u00edtimos e viram, na pr\u00e1tica, como a preserva\u00e7\u00e3o da Ba\u00eda de Guanabara \u00e9 fundamental para a sa\u00fade dos ecossistemas e das comunidades que dependem da pesca e da biodiversidade local. As atividades foram encerradas na Praia das Pedrinhas, com um debate no qual os alunos refletiram sobre os aprendizados do dia, aprofundando a compreens\u00e3o sobre as amea\u00e7as ao meio ambiente e a necessidade de preserv\u00e1-lo.<\/p>\n<p>Esse tipo de iniciativa, que aproxima os jovens do ambiente natural que os cerca, desempenha um papel crucial na forma\u00e7\u00e3o de uma consci\u00eancia ecol\u00f3gica. Ao verem a import\u00e2ncia dos recursos naturais e entenderem os riscos enfrentados por esses ecossistemas, os estudantes s\u00e3o incentivados a se tornarem defensores do meio ambiente, influenciando suas fam\u00edlias e a comunidade local a adotarem pr\u00e1ticas mais sustent\u00e1veis.<\/p>\n<p><strong>Desafios e avan\u00e7os na preserva\u00e7\u00e3o da Ba\u00eda de Guanabara<\/strong><\/p>\n<p>A Ba\u00eda de Guanabara, um dos cart\u00f5es-postais do\u00a0Brasil, enfrenta h\u00e1 d\u00e9cadas uma s\u00e9rie de desafios ambientais, muitos deles decorrentes da polui\u00e7\u00e3o causada pelo descarte irregular de res\u00edduos s\u00f3lidos e pelo desenvolvimento urbano desordenado. A qualidade da \u00e1gua da ba\u00eda foi severamente impactada por esses fatores, resultando na perda de biodiversidade e em dificuldades para as comunidades pesqueiras que dependem diretamente dos recursos da ba\u00eda para sua subsist\u00eancia.<\/p>\n<p>O Projeto \u00c1guas da Guanabara tem um papel fundamental no enfrentamento desses problemas. A coleta de res\u00edduos s\u00f3lidos feita por pescadores e o monitoramento ambiental conduzido por pesquisadores s\u00e3o ferramentas cruciais para a recupera\u00e7\u00e3o do ecossistema local. A iniciativa tamb\u00e9m realiza pesquisas sobre a composi\u00e7\u00e3o dos materiais retirados da ba\u00eda, fornecendo dados importantes para pol\u00edticas p\u00fablicas e a\u00e7\u00f5es de limpeza mais eficazes.<\/p>\n<p>Entre os avan\u00e7os do projeto, destaca-se o aumento da participa\u00e7\u00e3o das comunidades locais, especialmente dos pescadores, que se tornaram agentes ativos na defesa do meio ambiente. Al\u00e9m disso, as atividades de conscientiza\u00e7\u00e3o ambiental, como a realizada com os estudantes de S\u00e3o Gon\u00e7alo, t\u00eam contribu\u00eddo para formar uma nova gera\u00e7\u00e3o de cidad\u00e3os mais conscientes e comprometidos com a sustentabilidade.<\/p>\n<p>No entanto, os desafios ainda s\u00e3o grandes. A polui\u00e7\u00e3o da Ba\u00eda de Guanabara continua sendo um problema persistente, e o caminho para sua recupera\u00e7\u00e3o total exige um esfor\u00e7o cont\u00ednuo e integrado entre governo, ONGs, empresas e a sociedade civil. A atua\u00e7\u00e3o conjunta da FEMAR e do Projeto \u00c1guas da Guanabara \u00e9 um passo importante nessa dire\u00e7\u00e3o, mostrando que, com colabora\u00e7\u00e3o e empenho, \u00e9 poss\u00edvel promover mudan\u00e7as significativas na preserva\u00e7\u00e3o de um dos maiores patrim\u00f4nios naturais do Brasil.<\/p>\n<p>Fonte: Defesa em Foco<\/p>\n","protected":false},"excerpt":{"rendered":"<p>A Funda\u00e7\u00e3o de Estudos do Mar (FEMAR) e o Projeto \u00c1guas da Guanabara uniram esfor\u00e7os em uma importante a\u00e7\u00e3o de educa\u00e7\u00e3o ambiental voltada para a&#8230;<\/p>\n","protected":false},"author":1527,"featured_media":54246,"comment_status":"closed","ping_status":"closed","sticky":false,"template":"","format":"standard","meta":{"footnotes":""},"categories":[6],"tags":[],"class_list":["post-54244","post","type-post","status-publish","format-standard","has-post-thumbnail","hentry","category-noticias"],"_links":{"self":[{"href":"https:\/\/www.sincomam.org.br\/index.php\/wp-json\/wp\/v2\/posts\/54244","targetHints":{"allow":["GET"]}}],"collection":[{"href":"https:\/\/www.sincomam.org.br\/index.php\/wp-json\/wp\/v2\/posts"}],"about":[{"href":"https:\/\/www.sincomam.org.br\/index.php\/wp-json\/wp\/v2\/types\/post"}],"author":[{"embeddable":true,"href":"https:\/\/www.sincomam.org.br\/index.php\/wp-json\/wp\/v2\/users\/1527"}],"replies":[{"embeddable":true,"href":"https:\/\/www.sincomam.org.br\/index.php\/wp-json\/wp\/v2\/comments?post=54244"}],"version-history":[{"count":1,"href":"https:\/\/www.sincomam.org.br\/index.php\/wp-json\/wp\/v2\/posts\/54244\/revisions"}],"predecessor-version":[{"id":54247,"href":"https:\/\/www.sincomam.org.br\/index.php\/wp-json\/wp\/v2\/posts\/54244\/revisions\/54247"}],"wp:featuredmedia":[{"embeddable":true,"href":"https:\/\/www.sincomam.org.br\/index.php\/wp-json\/wp\/v2\/media\/54246"}],"wp:attachment":[{"href":"https:\/\/www.sincomam.org.br\/index.php\/wp-json\/wp\/v2\/media?parent=54244"}],"wp:term":[{"taxonomy":"category","embeddable":true,"href":"https:\/\/www.sincomam.org.br\/index.php\/wp-json\/wp\/v2\/categories?post=54244"},{"taxonomy":"post_tag","embeddable":true,"href":"https:\/\/www.sincomam.org.br\/index.php\/wp-json\/wp\/v2\/tags?post=54244"}],"curies":[{"name":"wp","href":"https:\/\/api.w.org\/{rel}","templated":true}]}}