{"id":5423,"date":"2014-05-13T08:03:32","date_gmt":"2014-05-13T11:03:32","guid":{"rendered":"http:\/\/www.sincomam.org.br\/?p=5423"},"modified":"2014-05-12T23:09:03","modified_gmt":"2014-05-13T02:09:03","slug":"terminal-no-porto-do-mucuripe-estara-pronto-em-setembro-diz-ministro","status":"publish","type":"post","link":"https:\/\/www.sincomam.org.br\/index.php\/terminal-no-porto-do-mucuripe-estara-pronto-em-setembro-diz-ministro\/","title":{"rendered":"Terminal no porto do Mucuripe estar\u00e1 pronto em setembro, diz ministro"},"content":{"rendered":"<p>O Terminal de Passageiros do Porto do Mucuripe estar\u00e1 completo para in\u00edcio das opera\u00e7\u00f5es at\u00e9 setembro. A afirma\u00e7\u00e3o \u00e9 do ministro da Secretaria Especial de Portos (SPE), Ant\u00f4nio Henrique Silveira, durante visita de inspe\u00e7\u00e3o das obras do equipamento realizada na manh\u00e3 de ontem. \u201cO Terminal completo entrar\u00e1 em opera\u00e7\u00e3o no segundo semestre, entre agosto e setembro\u201d, garantiu.<\/p>\n<p>Durante a inspe\u00e7\u00e3o do equipamento tur\u00edstico, Silveira classificou o ritmo das obras do Porto como satisfat\u00f3rio. \u201cA obra teve problemas relacionados ao swell (ressaca das mar\u00e9s). Mas nos \u00faltimos seis meses, andou r\u00e1pido. O TCU analisou profundamente as altera\u00e7\u00f5es que foram feitas nos prazos e or\u00e7amentos\u201d, ressaltou Ant\u00f4nio Henrique e garantiu. \u201cDo ponto de vista de auditoria, est\u00e1 tudo em ordem\u201d.<\/p>\n<p>O empreendimento, matriz de responsabilidade para a Copa do Mundo 2014, custou R$ 205 milh\u00f5es e est\u00e1 com 90% das obras conclu\u00eddas. O ministro admite que o pr\u00e9dio da esta\u00e7\u00e3o de embarque e desembarque- com 75% das obras conclu\u00eddas &#8211; agrega condi\u00e7\u00f5es para receber os turistas para o Mundial de Futebol, em especial os 3.500 passageiros mexicanos do navio de cruzeiro MSC Divina, que devem chegar \u00e0 Cidade em 16 junho para acompanhar a partida entre Brasil e M\u00e9xico no dia seguinte.<\/p>\n<p>\u201cVai ter condi\u00e7\u00f5es de fazer o receptivo. O primeiro piso estar\u00e1 completamente operacional, inclusive com aduana, check-in e servi\u00e7o de bagagem. Apenas o segundo andar estar\u00e1 em obras\u201d, afirma. A esta\u00e7\u00e3o de passageiros tem capacidade para receber at\u00e9 4.500 pessoas por turno.<\/p>\n<p>O pavimento superior concentrar\u00e1 restaurantes, bares, lanchonetes, livraria e \u00e1rea para exposi\u00e7\u00e3o e dever\u00e1 ser entregue at\u00e9 agosto. \u201cSer\u00e1 um equipamento permanente para Fortaleza. Vai se tornar uma atra\u00e7\u00e3o tur\u00edstica acessada pela popula\u00e7\u00e3o\u201d, refor\u00e7ou Silveira.<\/p>\n<p><strong>Desembarque<\/strong><\/p>\n<p>Para garantir o desembarque dos passageiros do navio MSC Divina, o presidente da Companhia Docas do Cear\u00e1 (CDC), Paulo Andr\u00e9 Holanda, afirmou que ser\u00e3o disponibilizados cerca de 50 \u00f4nibus para o traslado do ber\u00e7o de atraca\u00e7\u00e3o opcional, utilizado para desembarque de cargas, e localizado a 350 metros da \u00e1rea de check-in.<\/p>\n<p>\u201cToda a contrata\u00e7\u00e3o dos \u00f4nibus s\u00e3o da MSC, que v\u00e3o fazer o translado para o aeroporto, praias e outros locais\u201d, afirma ressaltando que os ve\u00edculos ser\u00e3o utilizados n\u00e3o somente para a opera\u00e7\u00e3o at\u00e9 a \u00e1rea de desembarque.<\/p>\n<p>O ber\u00e7o constru\u00eddo exclusivamente para o desembarque do Terminal de Passageiros encontra-se inviabilizado por causa do assoreamento do local.<\/p>\n<p><strong>Projeto &#8211; As obras no Mucuripe <\/strong><\/p>\n<p>1) Terminal de Passageiros ter\u00e1 capacidade para receber at\u00e9 4.500 passageiros por turno (manh\u00e3, tarde ou noite). 2) Para a Copa do Mundo dever\u00e3o ser finalizados a esta\u00e7\u00e3o de embarque e desembarque; armaz\u00e9m de bagagens e servi\u00e7os de aduana. 3) No segundo pavimento ser\u00e3o instalados restaurantes, lanchonetes bares, livraria e um centro de exposi\u00e7\u00e3o.<\/p>\n<p>Fonte: O Povo (CE)\/\u00c1tila Varela<\/p>\n","protected":false},"excerpt":{"rendered":"<p>O Terminal de Passageiros do Porto do Mucuripe estar\u00e1 completo para in\u00edcio das opera\u00e7\u00f5es at\u00e9 setembro. A afirma\u00e7\u00e3o \u00e9 do ministro da Secretaria Especial de&#8230;<\/p>\n","protected":false},"author":1182,"featured_media":5424,"comment_status":"closed","ping_status":"closed","sticky":false,"template":"","format":"standard","meta":{"footnotes":""},"categories":[6],"tags":[1016,1167,80,60],"class_list":["post-5423","post","type-post","status-publish","format-standard","has-post-thumbnail","hentry","category-noticias","tag-copa-do-mundo","tag-mucuripe","tag-porto","tag-turistas"],"_links":{"self":[{"href":"https:\/\/www.sincomam.org.br\/index.php\/wp-json\/wp\/v2\/posts\/5423","targetHints":{"allow":["GET"]}}],"collection":[{"href":"https:\/\/www.sincomam.org.br\/index.php\/wp-json\/wp\/v2\/posts"}],"about":[{"href":"https:\/\/www.sincomam.org.br\/index.php\/wp-json\/wp\/v2\/types\/post"}],"author":[{"embeddable":true,"href":"https:\/\/www.sincomam.org.br\/index.php\/wp-json\/wp\/v2\/users\/1182"}],"replies":[{"embeddable":true,"href":"https:\/\/www.sincomam.org.br\/index.php\/wp-json\/wp\/v2\/comments?post=5423"}],"version-history":[{"count":1,"href":"https:\/\/www.sincomam.org.br\/index.php\/wp-json\/wp\/v2\/posts\/5423\/revisions"}],"predecessor-version":[{"id":5425,"href":"https:\/\/www.sincomam.org.br\/index.php\/wp-json\/wp\/v2\/posts\/5423\/revisions\/5425"}],"wp:featuredmedia":[{"embeddable":true,"href":"https:\/\/www.sincomam.org.br\/index.php\/wp-json\/wp\/v2\/media\/5424"}],"wp:attachment":[{"href":"https:\/\/www.sincomam.org.br\/index.php\/wp-json\/wp\/v2\/media?parent=5423"}],"wp:term":[{"taxonomy":"category","embeddable":true,"href":"https:\/\/www.sincomam.org.br\/index.php\/wp-json\/wp\/v2\/categories?post=5423"},{"taxonomy":"post_tag","embeddable":true,"href":"https:\/\/www.sincomam.org.br\/index.php\/wp-json\/wp\/v2\/tags?post=5423"}],"curies":[{"name":"wp","href":"https:\/\/api.w.org\/{rel}","templated":true}]}}