{"id":54220,"date":"2024-09-24T09:35:02","date_gmt":"2024-09-24T12:35:02","guid":{"rendered":"http:\/\/www.sincomam.org.br\/?p=54220"},"modified":"2024-09-24T09:35:02","modified_gmt":"2024-09-24T12:35:02","slug":"com-seca-severa-rio-tapajos-atinge-115-metro-e-ja-afeta-setor-do-turismo-em-alter-do-chao","status":"publish","type":"post","link":"https:\/\/www.sincomam.org.br\/index.php\/com-seca-severa-rio-tapajos-atinge-115-metro-e-ja-afeta-setor-do-turismo-em-alter-do-chao\/","title":{"rendered":"Com seca severa, Rio Tapaj\u00f3s atinge 1,15 metro e j\u00e1 afeta setor do turismo em Alter do Ch\u00e3o"},"content":{"rendered":"<p>Com o n\u00edvel do rio Tapaj\u00f3s medindo 1,19m em Itaituba e 1,15m em\u00a0<a class=\"\" href=\"https:\/\/g1.globo.com\/pa\/santarem-regiao\/cidade\/santarem\/\" data-mrf-link=\"https:\/\/g1.globo.com\/pa\/santarem-regiao\/cidade\/santarem\/\">Santar\u00e9m<\/a>, na regi\u00e3o oeste do Par\u00e1, nesta segunda-feira (23), a Ag\u00eancia Nacional das \u00c1guas (ANA) declarou, pela primeira vez,\u00a0<a class=\"\" href=\"https:\/\/g1.globo.com\/pa\/para\/noticia\/2024\/09\/23\/agencia-nacional-de-aguas-declara-situacao-critica-de-escassez-hidrica-no-rio-tapajos-no-para.ghtml\" data-mrf-link=\"https:\/\/g1.globo.com\/pa\/para\/noticia\/2024\/09\/23\/agencia-nacional-de-aguas-declara-situacao-critica-de-escassez-hidrica-no-rio-tapajos-no-para.ghtml\">situa\u00e7\u00e3o cr\u00edtica de escassez h\u00eddrica no rio Tapaj\u00f3s<\/a>, no trecho compreendido entre os dois munic\u00edpios.<\/p>\n<div id=\"chunk-5qhbu\">\n<div class=\"mc-column content-text active-extra-styles \" data-block-type=\"unstyled\" data-block-weight=\"49\" data-block-id=\"5\">\n<p class=\" content-text__container \" data-track-category=\"Link no Texto\" data-track-links=\"\" data-mrf-recirculation=\"Article links\">De acordo com dados da Defesa Civil Municipal, o n\u00edvel do Rio Tapaj\u00f3s est\u00e1 1,33m abaixo da marca registrada na mesma data de 2023. Em 23 de setembro do ano passado, a r\u00e9gua de medi\u00e7\u00e3o da ANA instalada no porto da Companhia Docas do Par\u00e1, em Santar\u00e9m, marcava 2,48m.<\/p>\n<\/div>\n<\/div>\n<div id=\"chunk-dfrmi\">\n<div class=\"tag-manager-publicidade-container mc-has-reveal mc-has-ad-lazyload tag-manager-publicidade-banner_materia2 tag-manager-publicidade-container--carregado tag-manager-publicidade-container--visivel\" data-id=\"banner_materia2\" data-google-query-id=\"COycz7jL24gDFaJcuAQdxvYP0w\">\n<div id=\"chunk-56uvl\">\n<div class=\"mc-column content-text active-extra-styles \" data-block-type=\"unstyled\" data-block-weight=\"71\" data-block-id=\"7\">\n<p class=\" content-text__container \" data-track-category=\"Link no Texto\" data-track-links=\"\" data-mrf-recirculation=\"Article links\">A vila balne\u00e1ria de Alter do Ch\u00e3o, principal destino tur\u00edstico de quem visita Santar\u00e9m, tamb\u00e9m j\u00e1 sente o impacto da estiagem severa. H\u00e1 duas semanas, os catraieiros, trabalhadores que fazem a travessia de banhistas da Orla da vila at\u00e9 \u00e0 Ilha do Amor, principal praia de Alter, estacionam as catraias (canoas a remo) devido ao baixo volume de \u00e1gua no canal. A travessia \u00e9 o principal meio de sustento dos catraieiros.<\/p>\n<p data-track-category=\"Link no Texto\" data-track-links=\"\" data-mrf-recirculation=\"Article links\">Em rela\u00e7\u00e3o \u00e0 cota de alerta de escassez h\u00eddrica que \u00e9 de 2,10m, o n\u00edvel do rio Tapaj\u00f3s em Santar\u00e9m j\u00e1 est\u00e1 abaixo 95cm. O recorde hist\u00f3rico de seca no Tapaj\u00f3s foi batido em 2023, quando o n\u00edvel do rio chegou a 44cm. Antes disso, o recorde havia sido batido em outubro de 2010, quando o manancial chegou a 50 cent\u00edmetros.<\/p>\n<div id=\"chunk-kh51\">\n<div class=\"mc-column content-text active-extra-styles \" data-block-type=\"unstyled\" data-block-weight=\"52\" data-block-id=\"12\">\n<p class=\" content-text__container \" data-track-category=\"Link no Texto\" data-track-links=\"\" data-mrf-recirculation=\"Article links\">Devido ao baixo volume de \u00e1gua do rio Tapaj\u00f3s que voltou a baixar em m\u00e9dia 0,6cm por dia ap\u00f3s uma semana sem movimento de subida ou descida, o Governo Federal reconheceu no \u00faltimo dia 19, situa\u00e7\u00e3o de emerg\u00eancia de cinco munic\u00edpios do oeste do Par\u00e1: Santar\u00e9m, Juruti, Prainha, \u00d3bidos e Oriximin\u00e1.<\/p>\n<\/div>\n<\/div>\n<div id=\"chunk-2vpr9\">\n<div class=\"row medium-uncollapsed content-media content-photo\" data-block-type=\"backstage-photo\" data-block-id=\"13\">\n<div class=\" mc-column  content-media__container\">\n<div class=\"content-media-container glb-skeleton-box\">\n<div id=\"chunk-a6ad7\">\n<div class=\"mc-column content-text active-extra-styles \" data-block-type=\"unstyled\" data-block-weight=\"46\" data-block-id=\"17\">\n<p class=\" content-text__container \" data-track-category=\"Link no Texto\" data-track-links=\"\" data-mrf-recirculation=\"Article links\">Com a publica\u00e7\u00e3o da portaria N\u00ba 3.162 do Minist\u00e9rio da Integra\u00e7\u00e3o e do Desenvolvimento Regional (MIDR), por meio da Defesa Civil Nacional, as prefeituras dos cinco munic\u00edpios podem solicitar ao governo federal recursos para a\u00e7\u00f5es de Defesa Civil para minimizar os impactos da estiagem nos munic\u00edpios.<\/p>\n<\/div>\n<\/div>\n<div id=\"chunk-7pk70\">\n<div class=\"mc-column content-text active-extra-styles \" data-block-type=\"unstyled\" data-block-weight=\"17\" data-block-id=\"18\">\n<p class=\" content-text__container \" data-track-category=\"Link no Texto\" data-track-links=\"\" data-mrf-recirculation=\"Article links\">Em Santar\u00e9m, de acordo com levantamento da Defesa Civil, as regi\u00f5es mais afetadas pela escassez h\u00eddrica s\u00e3o:<\/p>\n<\/div>\n<\/div>\n<div id=\"chunk-fugho\">\n<div class=\"mc-column content-text active-extra-styles\" data-block-type=\"raw\" data-block-weight=\"24\" data-block-id=\"19\">\n<p class=\"content-text__container\" data-mrf-recirculation=\"Article links\">\n<ul class=\"content-unordered-list\" data-mrf-recirculation=\"Recomendado\">\n<li>Aritapera<\/li>\n<li>Arapixuna<\/li>\n<li>Tapar\u00e1<\/li>\n<li>Lago Grande<\/li>\n<li>Ituqui<\/li>\n<li>Urucurituba<\/li>\n<li>Resex &#8211; Tapaj\u00f3s \/ Arapiuns<\/li>\n<li>PAE Lago Grande<\/li>\n<li>Distrito de Alter do Ch\u00e3o e Lago do Maic\u00e1.<\/li>\n<\/ul>\n<p>&nbsp;<\/p>\n<\/div>\n<\/div>\n<div id=\"chunk-burq0\">\n<div class=\"mc-column content-text active-extra-styles \" data-block-type=\"unstyled\" data-block-weight=\"90\" data-block-id=\"20\">\n<p class=\" content-text__container \" data-track-category=\"Link no Texto\" data-track-links=\"\" data-mrf-recirculation=\"Article links\">Nessas regi\u00f5es a navega\u00e7\u00e3o est\u00e1 prejudicada, assim como o acesso \u00e0 \u00e1gua pot\u00e1vel e alimentos. Pescadores tamb\u00e9m tiveram a atividade impactada pela seca. Na comunidade Pau da Letra, regi\u00e3o de Boim, em Santar\u00e9m, uma cena inusitada, que tamb\u00e9m foi considerada um ato heroico pelos comunit\u00e1rios foi registrada h\u00e1 poucos dias. O respons\u00e1vel pelo transporte fluvial de alunos do ensino fundamental teve a iniciativa de carregar 13 crian\u00e7as, uma a uma, sobre os ombros, para que elas pudessem chegar \u00e0 margem e caminhar at\u00e9 \u00e0 escola para n\u00e3o perderem uma prova.<\/p>\n<div id=\"chunk-fp4dr\">\n<div class=\"mc-column content-text active-extra-styles \" data-block-type=\"unstyled\" data-block-weight=\"28\" data-block-id=\"22\">\n<p class=\" content-text__container \" data-track-category=\"Link no Texto\" data-track-links=\"\" data-mrf-recirculation=\"Article links\">A embarca\u00e7\u00e3o que faz o transporte das crian\u00e7as precisa parar distante da margem para n\u00e3o correr o risco de encalhar devido ao baixo volume de \u00e1gua em Boim.<\/p>\n<\/div>\n<\/div>\n<div id=\"chunk-ed1el\">\n<div class=\"mc-column content-text active-extra-styles \" data-block-type=\"unstyled\" data-block-weight=\"75\" data-block-id=\"23\">\n<p class=\" content-text__container \" data-track-category=\"Link no Texto\" data-track-links=\"\" data-mrf-recirculation=\"Article links\">Para viabilizar ajuda comunit\u00e1ria \u00e0s comunidades, a Prefeitura de Santar\u00e9m decretou situa\u00e7\u00e3o de emerg\u00eancia no dia 17 de setembro, autorizando a mobiliza\u00e7\u00e3o de todos os \u00f3rg\u00e3os municipais e volunt\u00e1rios, al\u00e9m da realiza\u00e7\u00e3o de campanhas de arrecada\u00e7\u00e3o de recursos, assim como dispensa a licita\u00e7\u00e3o em contratos de aquisi\u00e7\u00e3o dos bens necess\u00e1rios ao atendimento da situa\u00e7\u00e3o emergencial ou calamitosa e para as parcelas de obras e servi\u00e7os que possam ser conclu\u00eddas no prazo m\u00e1ximo de 1 ano.<\/p>\n<p data-track-category=\"Link no Texto\" data-track-links=\"\" data-mrf-recirculation=\"Article links\">Fonte: G1<\/p>\n<\/div>\n<\/div>\n<\/div>\n<\/div>\n<\/div>\n<\/div>\n<\/div>\n<\/div>\n<\/div>\n<\/div>\n<div id=\"chunk-b04t7\">\n<div class=\"row medium-uncollapsed content-media content-photo\" data-block-type=\"backstage-photo\" data-block-id=\"8\">\n<div class=\" mc-column  content-media__container\">\n<div class=\"content-media-container glb-skeleton-box\"><\/div>\n<\/div>\n<\/div>\n<\/div>\n<\/div>\n<\/div>\n","protected":false},"excerpt":{"rendered":"<p>Com o n\u00edvel do rio Tapaj\u00f3s medindo 1,19m em Itaituba e 1,15m em\u00a0Santar\u00e9m, na regi\u00e3o oeste do Par\u00e1, nesta segunda-feira (23), a Ag\u00eancia Nacional das&#8230;<\/p>\n","protected":false},"author":1527,"featured_media":54222,"comment_status":"closed","ping_status":"closed","sticky":false,"template":"","format":"standard","meta":{"footnotes":""},"categories":[6],"tags":[],"class_list":["post-54220","post","type-post","status-publish","format-standard","has-post-thumbnail","hentry","category-noticias"],"_links":{"self":[{"href":"https:\/\/www.sincomam.org.br\/index.php\/wp-json\/wp\/v2\/posts\/54220","targetHints":{"allow":["GET"]}}],"collection":[{"href":"https:\/\/www.sincomam.org.br\/index.php\/wp-json\/wp\/v2\/posts"}],"about":[{"href":"https:\/\/www.sincomam.org.br\/index.php\/wp-json\/wp\/v2\/types\/post"}],"author":[{"embeddable":true,"href":"https:\/\/www.sincomam.org.br\/index.php\/wp-json\/wp\/v2\/users\/1527"}],"replies":[{"embeddable":true,"href":"https:\/\/www.sincomam.org.br\/index.php\/wp-json\/wp\/v2\/comments?post=54220"}],"version-history":[{"count":1,"href":"https:\/\/www.sincomam.org.br\/index.php\/wp-json\/wp\/v2\/posts\/54220\/revisions"}],"predecessor-version":[{"id":54223,"href":"https:\/\/www.sincomam.org.br\/index.php\/wp-json\/wp\/v2\/posts\/54220\/revisions\/54223"}],"wp:featuredmedia":[{"embeddable":true,"href":"https:\/\/www.sincomam.org.br\/index.php\/wp-json\/wp\/v2\/media\/54222"}],"wp:attachment":[{"href":"https:\/\/www.sincomam.org.br\/index.php\/wp-json\/wp\/v2\/media?parent=54220"}],"wp:term":[{"taxonomy":"category","embeddable":true,"href":"https:\/\/www.sincomam.org.br\/index.php\/wp-json\/wp\/v2\/categories?post=54220"},{"taxonomy":"post_tag","embeddable":true,"href":"https:\/\/www.sincomam.org.br\/index.php\/wp-json\/wp\/v2\/tags?post=54220"}],"curies":[{"name":"wp","href":"https:\/\/api.w.org\/{rel}","templated":true}]}}