{"id":54216,"date":"2024-09-24T09:24:30","date_gmt":"2024-09-24T12:24:30","guid":{"rendered":"http:\/\/www.sincomam.org.br\/?p=54216"},"modified":"2024-09-24T09:24:30","modified_gmt":"2024-09-24T12:24:30","slug":"conferencia-naval-interamericana-reune-marinhas-de-19-paises","status":"publish","type":"post","link":"https:\/\/www.sincomam.org.br\/index.php\/conferencia-naval-interamericana-reune-marinhas-de-19-paises\/","title":{"rendered":"Confer\u00eancia Naval Interamericana re\u00fane Marinhas de 19 pa\u00edses"},"content":{"rendered":"<p class=\"text-align-justify\">At\u00e9 sexta-feira (27), o Rio de Janeiro sedia a XXXI Confer\u00eancia Naval Interamericana (CNI). Al\u00e9m da anfitri\u00e3 brasileira, o evento recebe representantes das Marinhas da Argentina, Bol\u00edvia, Canad\u00e1, Chile, Col\u00f4mbia, El Salvador, Equador, Estados Unidos, Guatemala, Honduras, M\u00e9xico, Nicar\u00e1gua, Panam\u00e1, Paraguai, Peru, Rep\u00fablica Dominicana e Uruguai. Tamb\u00e9m est\u00e3o presentes representantes dos Pa\u00edses Baixos, como pa\u00eds observador, da Junta Interamericana de Defesa (JID) e da Rede Naval Interamericana de Telecomunica\u00e7\u00f5es (RNIT). Esta \u00e9 a quinta vez que o Pa\u00eds recebe o evento. A \u00faltima confer\u00eancia realizada em solo brasileiro ocorreu em 2010.<\/p>\n<p class=\"text-align-justify\">Criada em 1959, \u00a0a CNI foi concebida para proporcionar um foro de interc\u00e2mbio de ideias e conhecimentos e para proporcionar o entendimento m\u00fatuo dos problemas mar\u00edtimos que afetam o continente americano. Com o prop\u00f3sito de estimular o contato permanente entre as marinhas participantes, a Confer\u00eancia promove a solidariedade hemisf\u00e9rica, al\u00e9m de representar uma oportunidade para o compartilhamento de experi\u00eancias e desafios.<\/p>\n<figure><\/figure>\n<p class=\"text-align-justify\">Nesta edi\u00e7\u00e3o, a tem\u00e1tica principal envolve os \u201cdesafios e estrat\u00e9gias navais para garantir a prontid\u00e3o operacional diante das novas tecnologias e da amplia\u00e7\u00e3o de responsabilidades das Marinhas\u201d, abordando planejamento estrat\u00e9gico, desenvolvimento de doutrinas e capacita\u00e7\u00e3o profissional, em m\u00e9dio e longo prazos.<\/p>\n<p class=\"text-align-justify\">Durante a Cerim\u00f4nia de Abertura, o Comandante da Marinha do Brasil, Almirante de Esquadra Marcos Sampaio Olsen, ressaltou que, ao contr\u00e1rio da ilus\u00f3ria convic\u00e7\u00e3o de que uma na\u00e7\u00e3o pac\u00edfica permanece \u00a0segura \u00e0s amea\u00e7as e \u00e0s hostilidades, os interesses nacionais em constante muta\u00e7\u00e3o imp\u00f5em ininterrupta vigil\u00e2ncia. \u201cA atual conjuntura global caracterizada por interdepend\u00eancia e crescente instabilidade demanda uma abordagem estrat\u00e9gica que promova a coopera\u00e7\u00e3o e o fortalecimento entre na\u00e7\u00f5es e coaduna com a realiza\u00e7\u00e3o da trig\u00e9sima primeira Confer\u00eancia Naval Interamericana\u201d, afirmou.<\/p>\n<p class=\"text-align-justify\">A programa\u00e7\u00e3o da XXXI CNI inclui exposi\u00e7\u00f5es dos chefes das delega\u00e7\u00f5es, realiza\u00e7\u00e3o de reuni\u00f5es bilaterais entre as autoridades estrangeiras e uma visita \u00e0s instala\u00e7\u00f5es do Programa de Desenvolvimento de Submarinos (PROSUB), no Complexo Naval de Itagua\u00ed (RJ), onde est\u00e3o sendo constru\u00eddos os submarinos brasileiros.<\/p>\n<p>Fonte: Ag\u00eancia Marinha de Not\u00edcias<\/p>\n","protected":false},"excerpt":{"rendered":"<p>At\u00e9 sexta-feira (27), o Rio de Janeiro sedia a XXXI Confer\u00eancia Naval Interamericana (CNI). Al\u00e9m da anfitri\u00e3 brasileira, o evento recebe representantes das Marinhas da&#8230;<\/p>\n","protected":false},"author":1527,"featured_media":54218,"comment_status":"closed","ping_status":"closed","sticky":false,"template":"","format":"standard","meta":{"footnotes":""},"categories":[6],"tags":[],"class_list":["post-54216","post","type-post","status-publish","format-standard","has-post-thumbnail","hentry","category-noticias"],"_links":{"self":[{"href":"https:\/\/www.sincomam.org.br\/index.php\/wp-json\/wp\/v2\/posts\/54216","targetHints":{"allow":["GET"]}}],"collection":[{"href":"https:\/\/www.sincomam.org.br\/index.php\/wp-json\/wp\/v2\/posts"}],"about":[{"href":"https:\/\/www.sincomam.org.br\/index.php\/wp-json\/wp\/v2\/types\/post"}],"author":[{"embeddable":true,"href":"https:\/\/www.sincomam.org.br\/index.php\/wp-json\/wp\/v2\/users\/1527"}],"replies":[{"embeddable":true,"href":"https:\/\/www.sincomam.org.br\/index.php\/wp-json\/wp\/v2\/comments?post=54216"}],"version-history":[{"count":1,"href":"https:\/\/www.sincomam.org.br\/index.php\/wp-json\/wp\/v2\/posts\/54216\/revisions"}],"predecessor-version":[{"id":54219,"href":"https:\/\/www.sincomam.org.br\/index.php\/wp-json\/wp\/v2\/posts\/54216\/revisions\/54219"}],"wp:featuredmedia":[{"embeddable":true,"href":"https:\/\/www.sincomam.org.br\/index.php\/wp-json\/wp\/v2\/media\/54218"}],"wp:attachment":[{"href":"https:\/\/www.sincomam.org.br\/index.php\/wp-json\/wp\/v2\/media?parent=54216"}],"wp:term":[{"taxonomy":"category","embeddable":true,"href":"https:\/\/www.sincomam.org.br\/index.php\/wp-json\/wp\/v2\/categories?post=54216"},{"taxonomy":"post_tag","embeddable":true,"href":"https:\/\/www.sincomam.org.br\/index.php\/wp-json\/wp\/v2\/tags?post=54216"}],"curies":[{"name":"wp","href":"https:\/\/api.w.org\/{rel}","templated":true}]}}