{"id":54200,"date":"2024-09-24T09:15:09","date_gmt":"2024-09-24T12:15:09","guid":{"rendered":"http:\/\/www.sincomam.org.br\/?p=54200"},"modified":"2024-09-24T09:15:09","modified_gmt":"2024-09-24T12:15:09","slug":"vports-investe-r-180-milhoes-em-obras-portuarias","status":"publish","type":"post","link":"https:\/\/www.sincomam.org.br\/index.php\/vports-investe-r-180-milhoes-em-obras-portuarias\/","title":{"rendered":"VPorts investe R$ 180 milh\u00f5es em obras portu\u00e1rias"},"content":{"rendered":"<p>O ministro de Portos e Aeroportos, Silvio Costa Filho, participou, nesta segunda-feira (23), da inaugura\u00e7\u00e3o de um conjunto de oito obras no porto organizado do Esp\u00edrito Santo, com o objetivo de aumentar a competitividade do mercado capixaba e fomentar novos neg\u00f3cios, especialmente no setor de gran\u00e9is agr\u00edcolas. Os investimentos, que totalizam R$ 180 milh\u00f5es, foram aportados pela Vports, concession\u00e1ria respons\u00e1vel pela gest\u00e3o dos complexos portu\u00e1rios do estado.<\/p>\n<p>Durante o evento, o ministro destacou que a localiza\u00e7\u00e3o estrat\u00e9gica e o potencial do porto, aliado ao esp\u00edrito empreendedor da popula\u00e7\u00e3o local, s\u00e3o fundamentais para o crescimento da infraestrutura portu\u00e1ria. Os portos do Esp\u00edrito Santo apresentaram um crescimento de mais de 15% no primeiro semestre deste ano.<\/p>\n<p>As melhorias incluem a reforma dos ber\u00e7os de atraca\u00e7\u00e3o e dos armaz\u00e9ns graneleiros do Terminal de Cereais de Capuaba, al\u00e9m da implementa\u00e7\u00e3o de um novo sistema de combate a inc\u00eandios e a recupera\u00e7\u00e3o da estrutura ferrovi\u00e1ria do porto, que visa aumentar a movimenta\u00e7\u00e3o de cargas via f\u00e9rrea.<\/p>\n<p>Um dos principais an\u00fancios do evento foi a assinatura de um termo para a realiza\u00e7\u00e3o de dragagem nos Portos de Vit\u00f3ria e Barra do Riacho, com um investimento de R$ 26 milh\u00f5es. Essa a\u00e7\u00e3o garantir\u00e1 a profundidade adequada do canal para o recebimento de navios maiores, com volumes de dragagem previstos de 280 mil e 350 mil metros c\u00fabicos, respectivamente.<\/p>\n<p>O governador do Esp\u00edrito Santo, Renato Casagrande, tamb\u00e9m esteve presente e enfatizou a import\u00e2ncia de uma infraestrutura eficiente para o com\u00e9rcio internacional, que ser\u00e1 crucial para o futuro econ\u00f4mico do estado. As obras est\u00e3o programadas para ocorrer entre outubro de 2024 e fevereiro de 2025.<\/p>\n<p>Fonte: Portos e Navios<\/p>\n","protected":false},"excerpt":{"rendered":"<p>O ministro de Portos e Aeroportos, Silvio Costa Filho, participou, nesta segunda-feira (23), da inaugura\u00e7\u00e3o de um conjunto de oito obras no porto organizado do&#8230;<\/p>\n","protected":false},"author":1527,"featured_media":54202,"comment_status":"closed","ping_status":"closed","sticky":false,"template":"","format":"standard","meta":{"footnotes":""},"categories":[6],"tags":[],"class_list":["post-54200","post","type-post","status-publish","format-standard","has-post-thumbnail","hentry","category-noticias"],"_links":{"self":[{"href":"https:\/\/www.sincomam.org.br\/index.php\/wp-json\/wp\/v2\/posts\/54200","targetHints":{"allow":["GET"]}}],"collection":[{"href":"https:\/\/www.sincomam.org.br\/index.php\/wp-json\/wp\/v2\/posts"}],"about":[{"href":"https:\/\/www.sincomam.org.br\/index.php\/wp-json\/wp\/v2\/types\/post"}],"author":[{"embeddable":true,"href":"https:\/\/www.sincomam.org.br\/index.php\/wp-json\/wp\/v2\/users\/1527"}],"replies":[{"embeddable":true,"href":"https:\/\/www.sincomam.org.br\/index.php\/wp-json\/wp\/v2\/comments?post=54200"}],"version-history":[{"count":1,"href":"https:\/\/www.sincomam.org.br\/index.php\/wp-json\/wp\/v2\/posts\/54200\/revisions"}],"predecessor-version":[{"id":54203,"href":"https:\/\/www.sincomam.org.br\/index.php\/wp-json\/wp\/v2\/posts\/54200\/revisions\/54203"}],"wp:featuredmedia":[{"embeddable":true,"href":"https:\/\/www.sincomam.org.br\/index.php\/wp-json\/wp\/v2\/media\/54202"}],"wp:attachment":[{"href":"https:\/\/www.sincomam.org.br\/index.php\/wp-json\/wp\/v2\/media?parent=54200"}],"wp:term":[{"taxonomy":"category","embeddable":true,"href":"https:\/\/www.sincomam.org.br\/index.php\/wp-json\/wp\/v2\/categories?post=54200"},{"taxonomy":"post_tag","embeddable":true,"href":"https:\/\/www.sincomam.org.br\/index.php\/wp-json\/wp\/v2\/tags?post=54200"}],"curies":[{"name":"wp","href":"https:\/\/api.w.org\/{rel}","templated":true}]}}