{"id":54191,"date":"2024-09-23T09:49:46","date_gmt":"2024-09-23T12:49:46","guid":{"rendered":"http:\/\/www.sincomam.org.br\/?p=54191"},"modified":"2024-09-23T09:49:46","modified_gmt":"2024-09-23T12:49:46","slug":"pantanal-e-amazonia-enfrentaram-piores-incendios-em-quase-20-anos-aponta-observatorio-europeu","status":"publish","type":"post","link":"https:\/\/www.sincomam.org.br\/index.php\/pantanal-e-amazonia-enfrentaram-piores-incendios-em-quase-20-anos-aponta-observatorio-europeu\/","title":{"rendered":"Pantanal e Amaz\u00f4nia enfrentaram piores inc\u00eandios em quase 20 anos, aponta observat\u00f3rio europeu"},"content":{"rendered":"<p>O Pantanal e a Amaz\u00f4nia enfrentaram seus piores inc\u00eandios em quase 20 anos, com o fogo afetando a qualidade do ar em boa parte da Am\u00e9rica do Sul, anunciaram cientistas do Observat\u00f3rio Europeu Copernicus nesta segunda-feira (23).<\/p>\n<p>O dado considera o n\u00famero de focos de inc\u00eandio, a extens\u00e3o das \u00e1reas afetadas e as emiss\u00f5es de carbono geradas.<\/p>\n<p>Segundo o Servi\u00e7o de Monitoramento da Atmosfera do Copernicus (CAMS), as emiss\u00f5es de inc\u00eandios na regi\u00e3o t\u00eam se mantido acima da m\u00e9dia.<\/p>\n<p>Em todo o Brasil, as emiss\u00f5es acumuladas em 2024 atingiram 183 megatoneladas de carbono (Mt CO2) at\u00e9 19 de setembro, seguindo a mesma tend\u00eancia do ano recorde de 2007. Naquele ano, 65 megatoneladas foram emitidas apenas em setembro.<\/p>\n<p>Estados como Amazonas e Mato Grosso do Sul, onde est\u00e1 localizado o Pantanal, registraram as maiores emiss\u00f5es em 22 anos de monitoramento do observat\u00f3rio, com 28 e 15 megatoneladas de carbono emitidas este ano, respectivamente.<\/p>\n<p>J\u00e1 na Bol\u00edvia, as emiss\u00f5es de carbono resultantes dos inc\u00eandios alcan\u00e7aram o maior valor anual no banco de dados do CAMS, somando 76 megatoneladas at\u00e9 meados de setembro, superando o recorde anterior de 2010.<\/p>\n<p>S\u00f3 em setembro, foram mais de 32 megatoneladas no pa\u00ed vizinho ao Brasil. Ainda segundo o Copernicus, enquanto os inc\u00eandios no Pantanal contribu\u00edram significativamente para o recorde de emiss\u00f5es no Brasil, seu impacto na Bol\u00edvia foi moderado, sendo Santa Cruz de La Sierra a principal origem das emiss\u00f5es no pa\u00eds.<\/p>\n<p>Para o Copernicus, esses inc\u00eandios s\u00e3o considerados fora do comum, mesmo durante o atual per\u00edodo de julho a setembro, quando normalmente ocorrem queimadas.<\/p>\n<p>O observat\u00f3rio europeu cita ainda que altas temperaturas, seca prolongada e outros fatores clim\u00e1ticos contribu\u00edram para o aumento da intensidade do fogo e seus efeitos na qualidade do ar.<\/p>\n<p>&#8220;A extens\u00e3o da fuma\u00e7a e os efeitos na qualidade do ar indicam a gravidade e a intensidade das chamas. \u00c9 fundamental manter o monitoramento desses inc\u00eandios e suas emiss\u00f5es para entender melhor seu impacto na qualidade do ar e na atmosfera&#8221;, acrescentou Parrington.<\/p>\n<p>Fonte:G1<\/p>\n","protected":false},"excerpt":{"rendered":"<p>O Pantanal e a Amaz\u00f4nia enfrentaram seus piores inc\u00eandios em quase 20 anos, com o fogo afetando a qualidade do ar em boa parte da&#8230;<\/p>\n","protected":false},"author":1527,"featured_media":54192,"comment_status":"closed","ping_status":"closed","sticky":false,"template":"","format":"standard","meta":{"footnotes":""},"categories":[6],"tags":[],"class_list":["post-54191","post","type-post","status-publish","format-standard","has-post-thumbnail","hentry","category-noticias"],"_links":{"self":[{"href":"https:\/\/www.sincomam.org.br\/index.php\/wp-json\/wp\/v2\/posts\/54191","targetHints":{"allow":["GET"]}}],"collection":[{"href":"https:\/\/www.sincomam.org.br\/index.php\/wp-json\/wp\/v2\/posts"}],"about":[{"href":"https:\/\/www.sincomam.org.br\/index.php\/wp-json\/wp\/v2\/types\/post"}],"author":[{"embeddable":true,"href":"https:\/\/www.sincomam.org.br\/index.php\/wp-json\/wp\/v2\/users\/1527"}],"replies":[{"embeddable":true,"href":"https:\/\/www.sincomam.org.br\/index.php\/wp-json\/wp\/v2\/comments?post=54191"}],"version-history":[{"count":1,"href":"https:\/\/www.sincomam.org.br\/index.php\/wp-json\/wp\/v2\/posts\/54191\/revisions"}],"predecessor-version":[{"id":54193,"href":"https:\/\/www.sincomam.org.br\/index.php\/wp-json\/wp\/v2\/posts\/54191\/revisions\/54193"}],"wp:featuredmedia":[{"embeddable":true,"href":"https:\/\/www.sincomam.org.br\/index.php\/wp-json\/wp\/v2\/media\/54192"}],"wp:attachment":[{"href":"https:\/\/www.sincomam.org.br\/index.php\/wp-json\/wp\/v2\/media?parent=54191"}],"wp:term":[{"taxonomy":"category","embeddable":true,"href":"https:\/\/www.sincomam.org.br\/index.php\/wp-json\/wp\/v2\/categories?post=54191"},{"taxonomy":"post_tag","embeddable":true,"href":"https:\/\/www.sincomam.org.br\/index.php\/wp-json\/wp\/v2\/tags?post=54191"}],"curies":[{"name":"wp","href":"https:\/\/api.w.org\/{rel}","templated":true}]}}