{"id":54173,"date":"2024-09-23T06:09:09","date_gmt":"2024-09-23T09:09:09","guid":{"rendered":"http:\/\/www.sincomam.org.br\/?p=54173"},"modified":"2024-09-22T21:15:28","modified_gmt":"2024-09-23T00:15:28","slug":"ministro-anuncia-investimentos-de-r-280-milhoes-para-obras-de-dragagem-no-rio-solimoes","status":"publish","type":"post","link":"https:\/\/www.sincomam.org.br\/index.php\/ministro-anuncia-investimentos-de-r-280-milhoes-para-obras-de-dragagem-no-rio-solimoes\/","title":{"rendered":"Ministro anuncia investimentos de R$ 280 milh\u00f5es para obras de dragagem no rio Solim\u00f5es"},"content":{"rendered":"<p>O ministro de Portos e Aeroportos, Silvio Costa Filho assinou, nesta quinta-feira (19), os \u00faltimos contratos para dar in\u00edcio \u00e0s obras de dragagens e sinaliza\u00e7\u00e3o n\u00e1utica em tr\u00eas trechos do rio Solim\u00f5es. Com investimentos de cerca de R$ 280 milh\u00f5es do Governo Federal, as a\u00e7\u00f5es t\u00eam por objetivo minimizar os impactos da seca que assola grande parte dos rios no Amazonas. A medida visa garantir tamb\u00e9m a navegabilidade segura de produtos que s\u00e3o transportados por meio dos rios do Estado e impedir o desabastecimento na regi\u00e3o. Os contratos tamb\u00e9m foram assinados pelo diretor-geral do Departamento Nacional de Infraestrutura de Transportes (Dnit), Fabricio de Oliveira Galv\u00e3o, e pelo diretor de Infraestrutura Aquavi\u00e1ria, Erick Moura.<\/p>\n<p>Costa Filho afirmou que o Governo Federal tem realizado um trabalho fundamental para amenizar os impactos causados pela grave crise clim\u00e1tica, que atinge n\u00e3o s\u00f3 a regi\u00e3o Norte, mas todo o Brasil. \u201cEstamos felizes em anunciar o maior volume de investimentos em dragagens da hist\u00f3ria do estado do Amazonas e toda a regi\u00e3o. E pela primeira vez, estamos fazendo uma licita\u00e7\u00e3o que vai contemplar cinco anos de execu\u00e7\u00e3o.\u201d<\/p>\n<p>Na soma dos contratos, o aporte ser\u00e1 de aproximadamente R$ 500 milh\u00f5es, que vale para realiza\u00e7\u00e3o de servi\u00e7os para os pr\u00f3ximos cinco anos. \u201cIsso vai dar mais previsibilidade para o setor produtivo fazer seus investimentos, porque as dragagens ser\u00e3o executadas e garantir\u00e3o a navega\u00e7\u00e3o nos rios\u201d, afirmou o ministro.<\/p>\n<p>Silvio Costa Filho lembrou que, nos \u00faltimos anos, as dragagens eram feitas de maneira emergencial e sem planejamento. \u201cAgora n\u00f3s teremos previsibilidade para ajudar o setor produtivo no escoamento da produ\u00e7\u00e3o e fazer com que a popula\u00e7\u00e3o possa tamb\u00e9m viajar pelos rios de toda a regi\u00e3o sem ter preju\u00edzos na mobilidade da navegabilidade. Essa orienta\u00e7\u00e3o do presidente Lula vai levar, cada vez mais, a investimentos para os nossos portos do Amazonas e da regi\u00e3o Norte do pa\u00eds, investimentos na avia\u00e7\u00e3o, em mobilidade como hidrovias, rodovias, entre outros investimentos\u201d, destacou.<\/p>\n<p>Os trechos que tiveram o contrato assinado para realiza\u00e7\u00e3o de dragagem no rio Solim\u00f5es s\u00e3o: Coari-Cadaj\u00e1s, Benjamin Constant e S\u00e3o Paulo de Oliven\u00e7a e Tabatinga a Benjamin Constant. As obras dever\u00e3o ser iniciadas nos pr\u00f3ximos dias.<\/p>\n<p>Na \u00faltima semana, o ministro Costa Filho assinou, ao lado do Presidente Lula, o documento para dragagem no Rio Amazonas, no trecho de 200 quil\u00f4metros entre Manaus e Itacoatiara (AM).<\/p>\n<p>Fonte: Informativo dos Portos<\/p>\n","protected":false},"excerpt":{"rendered":"<p>O ministro de Portos e Aeroportos, Silvio Costa Filho assinou, nesta quinta-feira (19), os \u00faltimos contratos para dar in\u00edcio \u00e0s obras de dragagens e sinaliza\u00e7\u00e3o&#8230;<\/p>\n","protected":false},"author":1527,"featured_media":54175,"comment_status":"closed","ping_status":"closed","sticky":false,"template":"","format":"standard","meta":{"footnotes":""},"categories":[6],"tags":[],"class_list":["post-54173","post","type-post","status-publish","format-standard","has-post-thumbnail","hentry","category-noticias"],"_links":{"self":[{"href":"https:\/\/www.sincomam.org.br\/index.php\/wp-json\/wp\/v2\/posts\/54173","targetHints":{"allow":["GET"]}}],"collection":[{"href":"https:\/\/www.sincomam.org.br\/index.php\/wp-json\/wp\/v2\/posts"}],"about":[{"href":"https:\/\/www.sincomam.org.br\/index.php\/wp-json\/wp\/v2\/types\/post"}],"author":[{"embeddable":true,"href":"https:\/\/www.sincomam.org.br\/index.php\/wp-json\/wp\/v2\/users\/1527"}],"replies":[{"embeddable":true,"href":"https:\/\/www.sincomam.org.br\/index.php\/wp-json\/wp\/v2\/comments?post=54173"}],"version-history":[{"count":1,"href":"https:\/\/www.sincomam.org.br\/index.php\/wp-json\/wp\/v2\/posts\/54173\/revisions"}],"predecessor-version":[{"id":54176,"href":"https:\/\/www.sincomam.org.br\/index.php\/wp-json\/wp\/v2\/posts\/54173\/revisions\/54176"}],"wp:featuredmedia":[{"embeddable":true,"href":"https:\/\/www.sincomam.org.br\/index.php\/wp-json\/wp\/v2\/media\/54175"}],"wp:attachment":[{"href":"https:\/\/www.sincomam.org.br\/index.php\/wp-json\/wp\/v2\/media?parent=54173"}],"wp:term":[{"taxonomy":"category","embeddable":true,"href":"https:\/\/www.sincomam.org.br\/index.php\/wp-json\/wp\/v2\/categories?post=54173"},{"taxonomy":"post_tag","embeddable":true,"href":"https:\/\/www.sincomam.org.br\/index.php\/wp-json\/wp\/v2\/tags?post=54173"}],"curies":[{"name":"wp","href":"https:\/\/api.w.org\/{rel}","templated":true}]}}