{"id":54144,"date":"2024-09-20T07:58:55","date_gmt":"2024-09-20T10:58:55","guid":{"rendered":"http:\/\/www.sincomam.org.br\/?p=54144"},"modified":"2024-09-20T08:11:19","modified_gmt":"2024-09-20T11:11:19","slug":"governo-federal-investe-r-500-milhoes-em-dragagem-de-rios-no-am","status":"publish","type":"post","link":"https:\/\/www.sincomam.org.br\/index.php\/governo-federal-investe-r-500-milhoes-em-dragagem-de-rios-no-am\/","title":{"rendered":"Governo federal investe R$ 500 milh\u00f5es em dragagem de rios no AM"},"content":{"rendered":"<p>O ministro de portos e aeroportos (MPor), Silvio Costa Filho, assinou, nesta quinta-feira (19) os \u00faltimos contratos para iniciar as obras de dragagem e sinaliza\u00e7\u00e3o n\u00e1utica em tr\u00eas trechos do rio Solim\u00f5es. Com um investimento de R$ 280 milh\u00f5es, o objetivo \u00e9 minimizar os impactos da seca que afeta os rios do Amazonas, garantindo a navegabilidade e evitando desabastecimento na regi\u00e3o.<\/p>\n<p>Os contratos, que somam R$ 500 milh\u00f5es para servi\u00e7os pelos pr\u00f3ximos cinco anos, foram assinados tamb\u00e9m pelo diretor-geral do DNIT, Fabricio de Oliveira Galv\u00e3o, e pelo diretor de Infraestrutura Aquavi\u00e1ria, Erick Moura. Segundo o ministro Costa Filho, o investimento trar\u00e1 mais previsibilidade para o setor produtivo, que depende da navega\u00e7\u00e3o fluvial para escoar a produ\u00e7\u00e3o.<\/p>\n<p>Costa Filho destacou que, diferentemente dos \u00faltimos anos, quando as dragagens eram realizadas de maneira emergencial, agora haver\u00e1 planejamento para garantir a seguran\u00e7a da navega\u00e7\u00e3o. A iniciativa faz parte de uma orienta\u00e7\u00e3o do governo para ampliar os investimentos em infraestrutura na regi\u00e3o Norte.<\/p>\n<p>As dragagens ser\u00e3o realizadas nos trechos Coari-Cadaj\u00e1s, Benjamin Constant-S\u00e3o Paulo de Oliven\u00e7a e Tabatinga-Benjamin Constant. O ministro acrescentou que, na semana passada, foi assinada a autoriza\u00e7\u00e3o para dragagem no rio Amazonas, no trecho de 200 quil\u00f4metros entre Manaus e Itacoatiara (AM).<\/p>\n<p>Fonte: Departamento Nacional de Infraestrutura de Transportes<\/p>\n","protected":false},"excerpt":{"rendered":"<p>O ministro de portos e aeroportos (MPor), Silvio Costa Filho, assinou, nesta quinta-feira (19) os \u00faltimos contratos para iniciar as obras de dragagem e sinaliza\u00e7\u00e3o&#8230;<\/p>\n","protected":false},"author":1527,"featured_media":54168,"comment_status":"closed","ping_status":"closed","sticky":false,"template":"","format":"standard","meta":{"footnotes":""},"categories":[6],"tags":[],"class_list":["post-54144","post","type-post","status-publish","format-standard","has-post-thumbnail","hentry","category-noticias"],"_links":{"self":[{"href":"https:\/\/www.sincomam.org.br\/index.php\/wp-json\/wp\/v2\/posts\/54144","targetHints":{"allow":["GET"]}}],"collection":[{"href":"https:\/\/www.sincomam.org.br\/index.php\/wp-json\/wp\/v2\/posts"}],"about":[{"href":"https:\/\/www.sincomam.org.br\/index.php\/wp-json\/wp\/v2\/types\/post"}],"author":[{"embeddable":true,"href":"https:\/\/www.sincomam.org.br\/index.php\/wp-json\/wp\/v2\/users\/1527"}],"replies":[{"embeddable":true,"href":"https:\/\/www.sincomam.org.br\/index.php\/wp-json\/wp\/v2\/comments?post=54144"}],"version-history":[{"count":1,"href":"https:\/\/www.sincomam.org.br\/index.php\/wp-json\/wp\/v2\/posts\/54144\/revisions"}],"predecessor-version":[{"id":54147,"href":"https:\/\/www.sincomam.org.br\/index.php\/wp-json\/wp\/v2\/posts\/54144\/revisions\/54147"}],"wp:featuredmedia":[{"embeddable":true,"href":"https:\/\/www.sincomam.org.br\/index.php\/wp-json\/wp\/v2\/media\/54168"}],"wp:attachment":[{"href":"https:\/\/www.sincomam.org.br\/index.php\/wp-json\/wp\/v2\/media?parent=54144"}],"wp:term":[{"taxonomy":"category","embeddable":true,"href":"https:\/\/www.sincomam.org.br\/index.php\/wp-json\/wp\/v2\/categories?post=54144"},{"taxonomy":"post_tag","embeddable":true,"href":"https:\/\/www.sincomam.org.br\/index.php\/wp-json\/wp\/v2\/tags?post=54144"}],"curies":[{"name":"wp","href":"https:\/\/api.w.org\/{rel}","templated":true}]}}