{"id":54140,"date":"2024-09-20T07:55:08","date_gmt":"2024-09-20T10:55:08","guid":{"rendered":"http:\/\/www.sincomam.org.br\/?p=54140"},"modified":"2024-09-20T07:55:08","modified_gmt":"2024-09-20T10:55:08","slug":"pomini-sugere-novo-marco-regulatorio-para-agilizar-gestao-dos-portos-publicos","status":"publish","type":"post","link":"https:\/\/www.sincomam.org.br\/index.php\/pomini-sugere-novo-marco-regulatorio-para-agilizar-gestao-dos-portos-publicos\/","title":{"rendered":"Pomini sugere novo marco regulat\u00f3rio para agilizar gest\u00e3o dos portos p\u00fablicos"},"content":{"rendered":"<p>Durante a assembleia da Associa\u00e7\u00e3o Brasileira das Entidades Portu\u00e1rias e Hidrovi\u00e1rias (Abeph), realizada na \u00faltima quarta-feira (18) no Centro de Santos, o presidente da Autoridade Portu\u00e1ria de Santos (APS), Anderson Pomini, prop\u00f4s uma revis\u00e3o do marco regulat\u00f3rio para reduzir a burocracia e tornar mais eficiente a gest\u00e3o dos portos p\u00fablicos brasileiros. A sugest\u00e3o veio ap\u00f3s relatos de dificuldades dos gestores dos 11 portos presentes, que enfrentam obst\u00e1culos at\u00e9 em procedimentos b\u00e1sicos como qualifica\u00e7\u00e3o de guardas portu\u00e1rias, investimentos em infraestrutura e execu\u00e7\u00e3o de or\u00e7amento.<\/p>\n<p>Pomini destacou que a mudan\u00e7a depende de uma articula\u00e7\u00e3o pol\u00edtica, com o apoio de deputados federais e lideran\u00e7as fortes para impulsionar a aprova\u00e7\u00e3o de novas leis. &#8220;Precisamos engajar deputados atuantes, lideran\u00e7as fortes, que ajudem o Brasil a ter portos mais eficientes&#8221;, afirmou. Ele sugeriu que a Abeph busque apoio junto \u00e0 Comiss\u00e3o de Infraestrutura da C\u00e2mara Federal, refor\u00e7ando a necessidade de press\u00e3o pol\u00edtica para vencer a morosidade dos processos.<\/p>\n<p>A assembleia tamb\u00e9m marcou a funda\u00e7\u00e3o da Associa\u00e7\u00e3o Internacional de Desenvolvimento Portu\u00e1rio, anunciada por Francisco Martins, presidente da PortosRio. A nova entidade tem como objetivo estreitar as rela\u00e7\u00f5es entre os portos p\u00fablicos e pa\u00edses de todos os continentes, facilitando o di\u00e1logo e a coopera\u00e7\u00e3o internacional. O primeiro presidente da associa\u00e7\u00e3o ser\u00e1 Francisco Martins, e o grupo j\u00e1 planeja um encontro em 2025 para consolidar os pleitos do setor.<\/p>\n<p>Al\u00e9m disso, a atual diretoria da Abeph foi reeleita para mais um mandato, e os participantes tamb\u00e9m acompanharam palestra de S\u00e9rgio Aquino, presidente da Federa\u00e7\u00e3o Nacional das Opera\u00e7\u00f5es Portu\u00e1rias (Fenop).<\/p>\n<p>Fonte: Portos e Navios<\/p>\n","protected":false},"excerpt":{"rendered":"<p>Durante a assembleia da Associa\u00e7\u00e3o Brasileira das Entidades Portu\u00e1rias e Hidrovi\u00e1rias (Abeph), realizada na \u00faltima quarta-feira (18) no Centro de Santos, o presidente da Autoridade&#8230;<\/p>\n","protected":false},"author":1527,"featured_media":54142,"comment_status":"closed","ping_status":"closed","sticky":false,"template":"","format":"standard","meta":{"footnotes":""},"categories":[6],"tags":[],"class_list":["post-54140","post","type-post","status-publish","format-standard","has-post-thumbnail","hentry","category-noticias"],"_links":{"self":[{"href":"https:\/\/www.sincomam.org.br\/index.php\/wp-json\/wp\/v2\/posts\/54140","targetHints":{"allow":["GET"]}}],"collection":[{"href":"https:\/\/www.sincomam.org.br\/index.php\/wp-json\/wp\/v2\/posts"}],"about":[{"href":"https:\/\/www.sincomam.org.br\/index.php\/wp-json\/wp\/v2\/types\/post"}],"author":[{"embeddable":true,"href":"https:\/\/www.sincomam.org.br\/index.php\/wp-json\/wp\/v2\/users\/1527"}],"replies":[{"embeddable":true,"href":"https:\/\/www.sincomam.org.br\/index.php\/wp-json\/wp\/v2\/comments?post=54140"}],"version-history":[{"count":1,"href":"https:\/\/www.sincomam.org.br\/index.php\/wp-json\/wp\/v2\/posts\/54140\/revisions"}],"predecessor-version":[{"id":54143,"href":"https:\/\/www.sincomam.org.br\/index.php\/wp-json\/wp\/v2\/posts\/54140\/revisions\/54143"}],"wp:featuredmedia":[{"embeddable":true,"href":"https:\/\/www.sincomam.org.br\/index.php\/wp-json\/wp\/v2\/media\/54142"}],"wp:attachment":[{"href":"https:\/\/www.sincomam.org.br\/index.php\/wp-json\/wp\/v2\/media?parent=54140"}],"wp:term":[{"taxonomy":"category","embeddable":true,"href":"https:\/\/www.sincomam.org.br\/index.php\/wp-json\/wp\/v2\/categories?post=54140"},{"taxonomy":"post_tag","embeddable":true,"href":"https:\/\/www.sincomam.org.br\/index.php\/wp-json\/wp\/v2\/tags?post=54140"}],"curies":[{"name":"wp","href":"https:\/\/api.w.org\/{rel}","templated":true}]}}