{"id":5409,"date":"2014-05-12T08:21:01","date_gmt":"2014-05-12T11:21:01","guid":{"rendered":"http:\/\/www.sincomam.org.br\/?p=5409"},"modified":"2014-05-10T16:54:48","modified_gmt":"2014-05-10T19:54:48","slug":"forcas-armadas-iniciam-operacao-com-30-mil-militares-para-patrulhar-fronteiras","status":"publish","type":"post","link":"https:\/\/www.sincomam.org.br\/index.php\/forcas-armadas-iniciam-operacao-com-30-mil-militares-para-patrulhar-fronteiras\/","title":{"rendered":"For\u00e7as Armadas iniciam opera\u00e7\u00e3o com 30 mil militares para patrulhar fronteiras"},"content":{"rendered":"<p><em><strong>Equipe estar\u00e1 atenta aos principais crimes fronteiri\u00e7os, como tr\u00e1fico de drogas e armas, contrabando, crimes ambientais e imigra\u00e7\u00e3o<\/strong><\/em><\/p>\n<p>As For\u00e7as Armadas brasileiras iniciaram hoje a Opera\u00e7\u00e3o \u00c1gata 8, com o objetivo de combater crimes e irregularidades na fronteira brasileira. Este ano, em fun\u00e7\u00e3o da Copa do Mundo, a a\u00e7\u00e3o vai abranger toda a extens\u00e3o da fronteira, que tem 16,8 mil quil\u00f4metros. O mesmo aconteceu em 2013, em fun\u00e7\u00e3o da visita do papa Francisco e da realiza\u00e7\u00e3o da Copa das Confedera\u00e7\u00f5es. Nas seis primeiras edi\u00e7\u00f5es, nos anos de 2011 e 2012, a opera\u00e7\u00e3o patrulhou somente pontos estrat\u00e9gicos.<\/p>\n<p>Para dar conta do patrulhamento, cerca de 30 mil militares do Ex\u00e9rcito, Marinha e Aeron\u00e1utica foram destacados. Al\u00e9m desse contingente, participar\u00e3o agentes da Pol\u00edcia Federal, Pol\u00edcia Rodovi\u00e1ria Federal e Pol\u00edcia Militar dos estados envolvidos. Tamb\u00e9m v\u00e3o colaborar profissionais da Receita Federal e de ag\u00eancias governamentais como a Ag\u00eancia Brasileira de Intelig\u00eancia (Abin) e a Ag\u00eancia Nacional de Avia\u00e7\u00e3o Civil (Anac). Eles estar\u00e3o atentos aos principais crimes fronteiri\u00e7os, como tr\u00e1fico de drogas e armas, contrabando, crimes ambientais e imigra\u00e7\u00e3o, al\u00e9m de garimpo ilegais, por exemplo.<\/p>\n<p>A Opera\u00e7\u00e3o \u00c1gata 8 \u00e9 parte do Plano Estrat\u00e9gico de Fronteiras, criado pela presidenta Dilma Roussseff em 2011. Antes da deflagra\u00e7\u00e3o, o governo brasileiro manteve contato com os dez pa\u00edses vizinhos para repasse de informa\u00e7\u00f5es sobre o emprego do aparato militar. A opera\u00e7\u00e3o est\u00e1 sob comando do ministro da Defesa, Celso Amorim, e do general Jos\u00e9 Carlos De Nardi, chefe do Estado-Maior Conjunto das For\u00e7as Armadas.<\/p>\n<p>De acordo com a assessoria de comunica\u00e7\u00e3o do Minist\u00e9rio da Defesa, o posicionamento das tropas para in\u00edcio da \u00c1gata 8 come\u00e7ou na \u00faltima semana e a a\u00e7\u00e3o foi oficialmente deflagrada \u00e0s 8h deste s\u00e1bado (10). Ainda segundo a assessoria, n\u00e3o h\u00e1 prazo para o fim da movimenta\u00e7\u00e3o, j\u00e1 que isso depender\u00e1 dos desdobramentos da fiscaliza\u00e7\u00e3o. No entanto, ao fim ser\u00e1 divulgado um balan\u00e7o.<\/p>\n<p>Fonte: Ag\u00eancia Brasil \/ Foto: Ag\u00eancia Brasil &#8211; Opera\u00e7\u00e3o \u00c1gata 7<\/p>\n","protected":false},"excerpt":{"rendered":"<p>Equipe estar\u00e1 atenta aos principais crimes fronteiri\u00e7os, como tr\u00e1fico de drogas e armas, contrabando, crimes ambientais e imigra\u00e7\u00e3o As For\u00e7as Armadas brasileiras iniciaram hoje a&#8230;<\/p>\n","protected":false},"author":1182,"featured_media":3693,"comment_status":"closed","ping_status":"closed","sticky":false,"template":"","format":"standard","meta":{"footnotes":""},"categories":[6],"tags":[1163,1162,1161,377],"class_list":["post-5409","post","type-post","status-publish","format-standard","has-post-thumbnail","hentry","category-noticias","tag-agata-8","tag-armadas","tag-forcas","tag-operacao"],"_links":{"self":[{"href":"https:\/\/www.sincomam.org.br\/index.php\/wp-json\/wp\/v2\/posts\/5409","targetHints":{"allow":["GET"]}}],"collection":[{"href":"https:\/\/www.sincomam.org.br\/index.php\/wp-json\/wp\/v2\/posts"}],"about":[{"href":"https:\/\/www.sincomam.org.br\/index.php\/wp-json\/wp\/v2\/types\/post"}],"author":[{"embeddable":true,"href":"https:\/\/www.sincomam.org.br\/index.php\/wp-json\/wp\/v2\/users\/1182"}],"replies":[{"embeddable":true,"href":"https:\/\/www.sincomam.org.br\/index.php\/wp-json\/wp\/v2\/comments?post=5409"}],"version-history":[{"count":2,"href":"https:\/\/www.sincomam.org.br\/index.php\/wp-json\/wp\/v2\/posts\/5409\/revisions"}],"predecessor-version":[{"id":5411,"href":"https:\/\/www.sincomam.org.br\/index.php\/wp-json\/wp\/v2\/posts\/5409\/revisions\/5411"}],"wp:featuredmedia":[{"embeddable":true,"href":"https:\/\/www.sincomam.org.br\/index.php\/wp-json\/wp\/v2\/media\/3693"}],"wp:attachment":[{"href":"https:\/\/www.sincomam.org.br\/index.php\/wp-json\/wp\/v2\/media?parent=5409"}],"wp:term":[{"taxonomy":"category","embeddable":true,"href":"https:\/\/www.sincomam.org.br\/index.php\/wp-json\/wp\/v2\/categories?post=5409"},{"taxonomy":"post_tag","embeddable":true,"href":"https:\/\/www.sincomam.org.br\/index.php\/wp-json\/wp\/v2\/tags?post=5409"}],"curies":[{"name":"wp","href":"https:\/\/api.w.org\/{rel}","templated":true}]}}