{"id":54078,"date":"2024-09-17T12:48:53","date_gmt":"2024-09-17T15:48:53","guid":{"rendered":"http:\/\/www.sincomam.org.br\/?p=54078"},"modified":"2024-09-17T12:48:53","modified_gmt":"2024-09-17T15:48:53","slug":"mutirao-de-ativistas-abre-festival-sobre-oceanos-em-sao-paulo","status":"publish","type":"post","link":"https:\/\/www.sincomam.org.br\/index.php\/mutirao-de-ativistas-abre-festival-sobre-oceanos-em-sao-paulo\/","title":{"rendered":"Mutir\u00e3o de ativistas abre festival sobre oceanos em S\u00e3o Paulo"},"content":{"rendered":"<p>O papel e o impacto da a\u00e7\u00e3o humana nas \u00e1guas e a import\u00e2ncia dos oceanos \u00e9 tema do mutir\u00e3o,\u00a0com cerca de 500 mil pessoas, que est\u00e1 sendo realizado em todo o pa\u00eds,\u00a0organizado a partir de S\u00e3o Paulo, como evento que inicia a quinta edi\u00e7\u00e3o do Festival SP Ocean Week. Participam cerca de 500 mil pessoas, entre ativistas, representantes de projetos de conserva\u00e7\u00e3o e de iniciativas locais.\u00a0<img decoding=\"async\" src=\"https:\/\/agenciabrasil.ebc.com.br\/ebc.png?id=1612370&amp;o=node\" \/><img decoding=\"async\" src=\"https:\/\/agenciabrasil.ebc.com.br\/ebc.gif?id=1612370&amp;o=node\" \/><\/p>\n<p>As atividades, que come\u00e7aram sexta-feira (13), v\u00e3o at\u00e9 o pr\u00f3ximo dia 21\u00a0e s\u00e3o voltadas para a limpeza dos oceanos. O movimento, coordenado pela C\u00e1tedra Unesco para a Sustentabilidade do Oceano, \u00e9 uma estrat\u00e9gia para ampliar a conscientiza\u00e7\u00e3o sobre a import\u00e2ncia dos oceanos e sua preserva\u00e7\u00e3o. Para o ocean\u00f3grafo Alexander Turra, que coordena o movimento, a principal meta \u00e9 constituir uma rede de agentes de transforma\u00e7\u00e3o e protagonistas e as diferentes escalas em que podem atuar.<\/p>\n<p>A discuss\u00e3o em torno do papel e impacto das a\u00e7\u00f5es humanas nas \u00e1guas \u00e9 considerada uma das principais necessidades para mitigar e promover a adapta\u00e7\u00e3o \u00e0s mudan\u00e7as clim\u00e1ticas. \u00c9 um tema global com impactos locais e urgentes, segundo Turra, que confia no potencial de mobiliza\u00e7\u00e3o do tema &#8220;A pororoca&#8221;, que vem com uma estrat\u00e9gia de popularizar a discuss\u00e3o sobre os oceanos e sua import\u00e2ncia para a sociedade. &#8220;Com isso, buscamos integrar diferentes atores da sociedade correspons\u00e1veis por esse processo, criando um movimento convergente, em busca de construir o oceano do futuro e o futuro da humanidade&#8221;, disse Turra.<\/p>\n<p>Apesar da generaliza\u00e7\u00e3o dos impactos sobre os biomas marinhos, ele\u00a0acredita que \u00e9 poss\u00edvel trabalhar em prol da economia sustent\u00e1vel do mar, enfrentar os problemas do lixo e das mudan\u00e7as clim\u00e1ticas e estabelecer oportunidades para a transforma\u00e7\u00e3o. As iniciativas selecionadas durante a mobiliza\u00e7\u00e3o do Pororoca ser\u00e3o apoiadas pela C\u00e1tedra e organiza\u00e7\u00f5es parceiras e apresentadas durante o evento.<\/p>\n<h2>Servi\u00e7o<\/h2>\n<p>O Festival SP Ocean Week 2024 espera receber 15 mil visitantes e contar\u00e1 com cinco dias de programa\u00e7\u00e3o, entre 18 e 22 de setembro. As discuss\u00f5es envolver\u00e3o ativistas, acad\u00eamicos, atletas e trabalhadores do mar e estar\u00e3o focadas em a\u00e7\u00f5es de conserva\u00e7\u00e3o, mitiga\u00e7\u00e3o do impacto de atividades humanas e populariza\u00e7\u00e3o de agenda 2030, da ONU, na qual est\u00e1 inserida a D\u00e9cada dos Oceanos. As discuss\u00f5es\u00a0apontar\u00e3o caminhos para o cumprimento das metas do Objetivo de Desenvolvimento Sustent\u00e1vel 14 (ODS 14 &#8211; Vida na \u00c1gua). Os eventos ter\u00e3o 60 conferencistas\u00a0e a participa\u00e7\u00e3o de 28 institutos de pesquisa cient\u00edfica e organiza\u00e7\u00f5es n\u00e3o governamentais (ONGs) de conserva\u00e7\u00e3o marinha.<\/p>\n<p>O festival ocorre no Memorial da Am\u00e9rica Latina, na zona oeste de S\u00e3o Paulo, e ter\u00e1 ainda atividades art\u00edsticas e de entretenimento,\u00a0interativas, performances, oficinas e lan\u00e7amento de livros e filmes, no Palco Mar Aberto. Haver\u00e1 transmiss\u00e3o ao vivo das discuss\u00f5es. Os canais e\u00a0a programa\u00e7\u00e3o completa est\u00e3o dispon\u00edveis no\u00a0<a href=\"https:\/\/www.spoceanweek.com.br\/\" target=\"_blank\" rel=\"noopener\"><em>site<\/em>\u00a0do evento<\/a>.\u00a0Toda a programa\u00e7\u00e3o \u00e9 gratuita.<\/p>\n<h2>Movimento Pororoca<\/h2>\n<p>Com o objetivo de aproximar o oceano da sociedade, unindo esfor\u00e7os e compartilhando iniciativas para promover a cultura oce\u00e2nica e a sustentabilidade do mar, a SP Ocean Week 2024 promover\u00e1 grande chamamento p\u00fablico, convidando institui\u00e7\u00f5es, empresas, ONGs, governos locais e grupos comunit\u00e1rios para participarem do Movimento Pororoca, que, at\u00e9 o dia 21 deste m\u00eas, destacar\u00e1 atividades pela sustentabilidade do oceano, em a\u00e7\u00e3o batizada de Virada da Mar\u00e9. Ao final da campanha, os participantes receber\u00e3o um certificado. No dia 21, o encerramento das a\u00e7\u00f5es do Movimento Pororoca coincidir\u00e1 com a celebra\u00e7\u00e3o do Dia Mundial de Limpeza de Praias, Rios e Lagoas, comemorado no terceiro s\u00e1bado de setembro. Com a\u00e7\u00f5es educativas de visita\u00e7\u00e3o monitorada, a SP Ocean Week 2024 tamb\u00e9m receber\u00e1 grupos de alunos e professores de escolas p\u00fablicas e privadas.<\/p>\n<p>\u201cO Movimento Pororoca \u00e9 uma iniciativa para incentivar as pessoas em todo o pa\u00eds a participar,\u00a0a partir da semana que antecede a SP Ocean Week, de\u00a0a\u00e7\u00f5es em defesa do oceano, como a limpeza de praias ou a promo\u00e7\u00e3o de semin\u00e1rios, rodas de conversa e conta\u00e7\u00e3o de hist\u00f3rias. Abrimos um canal para receber v\u00eddeos dessas a\u00e7\u00f5es e vamos divulgar todo o conte\u00fado recebido durante os cinco dias do festival.\u00a0Esse \u00e9 um primeiro passo que estamos dando para expandir o alcance da SP Ocean Week. Queremos que o festival, que j\u00e1 \u00e9 o maior evento de cultura oce\u00e2nica da Am\u00e9rica Latina, tenha cada vez mais impacto nacional, mobilizando pessoas e fomentando a\u00e7\u00f5es em todas as regi\u00f5es do Brasil\u201d, explica o\u00a0diretor executivo do evento, o jornalista Alfredo Nastari.<\/p>\n<p>Fonte: Ag\u00eancia Brasil<\/p>\n","protected":false},"excerpt":{"rendered":"<p>O papel e o impacto da a\u00e7\u00e3o humana nas \u00e1guas e a import\u00e2ncia dos oceanos \u00e9 tema do mutir\u00e3o,\u00a0com cerca de 500 mil pessoas, que&#8230;<\/p>\n","protected":false},"author":1527,"featured_media":54080,"comment_status":"closed","ping_status":"closed","sticky":false,"template":"","format":"standard","meta":{"footnotes":""},"categories":[6],"tags":[],"class_list":["post-54078","post","type-post","status-publish","format-standard","has-post-thumbnail","hentry","category-noticias"],"_links":{"self":[{"href":"https:\/\/www.sincomam.org.br\/index.php\/wp-json\/wp\/v2\/posts\/54078","targetHints":{"allow":["GET"]}}],"collection":[{"href":"https:\/\/www.sincomam.org.br\/index.php\/wp-json\/wp\/v2\/posts"}],"about":[{"href":"https:\/\/www.sincomam.org.br\/index.php\/wp-json\/wp\/v2\/types\/post"}],"author":[{"embeddable":true,"href":"https:\/\/www.sincomam.org.br\/index.php\/wp-json\/wp\/v2\/users\/1527"}],"replies":[{"embeddable":true,"href":"https:\/\/www.sincomam.org.br\/index.php\/wp-json\/wp\/v2\/comments?post=54078"}],"version-history":[{"count":1,"href":"https:\/\/www.sincomam.org.br\/index.php\/wp-json\/wp\/v2\/posts\/54078\/revisions"}],"predecessor-version":[{"id":54081,"href":"https:\/\/www.sincomam.org.br\/index.php\/wp-json\/wp\/v2\/posts\/54078\/revisions\/54081"}],"wp:featuredmedia":[{"embeddable":true,"href":"https:\/\/www.sincomam.org.br\/index.php\/wp-json\/wp\/v2\/media\/54080"}],"wp:attachment":[{"href":"https:\/\/www.sincomam.org.br\/index.php\/wp-json\/wp\/v2\/media?parent=54078"}],"wp:term":[{"taxonomy":"category","embeddable":true,"href":"https:\/\/www.sincomam.org.br\/index.php\/wp-json\/wp\/v2\/categories?post=54078"},{"taxonomy":"post_tag","embeddable":true,"href":"https:\/\/www.sincomam.org.br\/index.php\/wp-json\/wp\/v2\/tags?post=54078"}],"curies":[{"name":"wp","href":"https:\/\/api.w.org\/{rel}","templated":true}]}}