{"id":54064,"date":"2024-09-17T09:14:42","date_gmt":"2024-09-17T12:14:42","guid":{"rendered":"http:\/\/www.sincomam.org.br\/?p=54064"},"modified":"2024-09-17T09:14:42","modified_gmt":"2024-09-17T12:14:42","slug":"navio-concordia-naufraga-em-pernambuco","status":"publish","type":"post","link":"https:\/\/www.sincomam.org.br\/index.php\/navio-concordia-naufraga-em-pernambuco\/","title":{"rendered":"Navio \u201cConc\u00f3rdia\u201d naufraga em Pernambuco"},"content":{"rendered":"<p>O sil\u00eancio da noite foi rompido quando o navio \u201cConc\u00f3rdia\u201d naufragou nas \u00e1guas de Pernambuco, a aproximadamente 8,5 milhas n\u00e1uticas de Ponta de Pedras. O incidente, que deixou a regi\u00e3o em alerta, resultou no resgate de quatro tripulantes que estavam a bordo. No entanto, a preocupa\u00e7\u00e3o persiste, pois outros cinco permanecem desaparecidos. A\u00a0Marinha do Brasil\u00a0agiu rapidamente, mobilizando uma grande opera\u00e7\u00e3o de busca e salvamento na esperan\u00e7a de traz\u00ea-los de volta para casa.<\/p>\n<h3>A Opera\u00e7\u00e3o de Busca e Salvamento da Marinha<\/h3>\n<p>Assim que foi informada sobre o naufr\u00e1gio, a Marinha do Brasil acionou o SALVAMAR NORDESTE, \u00f3rg\u00e3o respons\u00e1vel por coordenar opera\u00e7\u00f5es de busca e salvamento na \u00e1rea. O Navio-Patrulha \u201cMacau\u201d, pertencente ao Comando do Grupamento de Patrulha Naval do Nordeste, foi destacado para a miss\u00e3o, cobrindo uma vasta \u00e1rea mar\u00edtima em busca dos desaparecidos. Paralelamente, a Aeronave H-36 da\u00a0For\u00e7a A\u00e9rea Brasileira\u00a0foi empregada para sobrevoar e auxiliar nas buscas, principalmente em regi\u00f5es de dif\u00edcil acesso e visibilidade reduzida.<\/p>\n<p>O Navio Rebocador de Alto Mar \u201cCormoran\u201d desempenhou um papel crucial ao realizar o resgate inicial dos quatro tripulantes. Sua atua\u00e7\u00e3o imediata e eficaz garantiu que os sobreviventes fossem retirados do mar em seguran\u00e7a. Al\u00e9m disso, a Marinha emitiu um Aviso aos Navegantes para alertar todas as embarca\u00e7\u00f5es que trafegam nas proximidades, a fim de ampliar as buscas e contar com o apoio da comunidade mar\u00edtima.<\/p>\n<h3>O Naufr\u00e1gio do Navio \u201cConc\u00f3rdia\u201d: Contexto e Repercuss\u00f5es<\/h3>\n<p>O \u201cConc\u00f3rdia\u201d, um navio de transporte de carga em sua rota regular, foi surpreendido por circunst\u00e2ncias ainda n\u00e3o esclarecidas que levaram ao naufr\u00e1gio. A \u00e1rea do incidente, pr\u00f3xima ao munic\u00edpio de Goiana, \u00e9 conhecida pelo tr\u00e1fego mar\u00edtimo intenso, tornando a opera\u00e7\u00e3o de busca e salvamento ainda mais urgente. Incidentes como esse evidenciam a necessidade de rigorosos protocolos de seguran\u00e7a mar\u00edtima e a import\u00e2ncia da prepara\u00e7\u00e3o das tripula\u00e7\u00f5es para situa\u00e7\u00f5es de emerg\u00eancia.<\/p>\n<h3>Esfor\u00e7os Conjuntos: Marinha e For\u00e7a A\u00e9rea em A\u00e7\u00e3o<\/h3>\n<p>A resposta imediata e coordenada entre a Marinha do Brasil e a For\u00e7a A\u00e9rea foi crucial para o andamento da opera\u00e7\u00e3o. A efici\u00eancia e a prontid\u00e3o das equipes destacam a capacidade das for\u00e7as armadas brasileiras em lidar com emerg\u00eancias mar\u00edtimas. A parceria entre essas institui\u00e7\u00f5es permitiu a mobiliza\u00e7\u00e3o r\u00e1pida de navios e aeronaves, ampliando a \u00e1rea de cobertura das buscas. Al\u00e9m disso, o Aviso aos Navegantes foi uma estrat\u00e9gia fundamental para envolver outras embarca\u00e7\u00f5es na regi\u00e3o, promovendo uma busca colaborativa e aumentando as chances de localizar os desaparecidos.<\/p>\n<h3>Desafios da Opera\u00e7\u00e3o e a Esperan\u00e7a pelo Resgate<\/h3>\n<p>No entanto, a opera\u00e7\u00e3o enfrenta desafios significativos, como as condi\u00e7\u00f5es clim\u00e1ticas e a vasta extens\u00e3o da \u00e1rea a ser coberta. A resili\u00eancia das equipes envolvidas e o planejamento estrat\u00e9gico s\u00e3o fundamentais para superar os obst\u00e1culos e manter a esperan\u00e7a de encontrar os cinco tripulantes desaparecidos. Enquanto as buscas prosseguem, a comunidade mar\u00edtima e a sociedade aguardam por not\u00edcias, torcendo para que todos sejam resgatados em seguran\u00e7a.<\/p>\n<p>Fonte: Defesa em Foco<\/p>\n","protected":false},"excerpt":{"rendered":"<p>O sil\u00eancio da noite foi rompido quando o navio \u201cConc\u00f3rdia\u201d naufragou nas \u00e1guas de Pernambuco, a aproximadamente 8,5 milhas n\u00e1uticas de Ponta de Pedras. O&#8230;<\/p>\n","protected":false},"author":1527,"featured_media":54066,"comment_status":"closed","ping_status":"closed","sticky":false,"template":"","format":"standard","meta":{"footnotes":""},"categories":[6],"tags":[],"class_list":["post-54064","post","type-post","status-publish","format-standard","has-post-thumbnail","hentry","category-noticias"],"_links":{"self":[{"href":"https:\/\/www.sincomam.org.br\/index.php\/wp-json\/wp\/v2\/posts\/54064","targetHints":{"allow":["GET"]}}],"collection":[{"href":"https:\/\/www.sincomam.org.br\/index.php\/wp-json\/wp\/v2\/posts"}],"about":[{"href":"https:\/\/www.sincomam.org.br\/index.php\/wp-json\/wp\/v2\/types\/post"}],"author":[{"embeddable":true,"href":"https:\/\/www.sincomam.org.br\/index.php\/wp-json\/wp\/v2\/users\/1527"}],"replies":[{"embeddable":true,"href":"https:\/\/www.sincomam.org.br\/index.php\/wp-json\/wp\/v2\/comments?post=54064"}],"version-history":[{"count":1,"href":"https:\/\/www.sincomam.org.br\/index.php\/wp-json\/wp\/v2\/posts\/54064\/revisions"}],"predecessor-version":[{"id":54067,"href":"https:\/\/www.sincomam.org.br\/index.php\/wp-json\/wp\/v2\/posts\/54064\/revisions\/54067"}],"wp:featuredmedia":[{"embeddable":true,"href":"https:\/\/www.sincomam.org.br\/index.php\/wp-json\/wp\/v2\/media\/54066"}],"wp:attachment":[{"href":"https:\/\/www.sincomam.org.br\/index.php\/wp-json\/wp\/v2\/media?parent=54064"}],"wp:term":[{"taxonomy":"category","embeddable":true,"href":"https:\/\/www.sincomam.org.br\/index.php\/wp-json\/wp\/v2\/categories?post=54064"},{"taxonomy":"post_tag","embeddable":true,"href":"https:\/\/www.sincomam.org.br\/index.php\/wp-json\/wp\/v2\/tags?post=54064"}],"curies":[{"name":"wp","href":"https:\/\/api.w.org\/{rel}","templated":true}]}}