{"id":5406,"date":"2014-05-12T08:16:46","date_gmt":"2014-05-12T11:16:46","guid":{"rendered":"http:\/\/www.sincomam.org.br\/?p=5406"},"modified":"2014-05-10T16:40:31","modified_gmt":"2014-05-10T19:40:31","slug":"sp-chega-a-23-dias-sem-chuva-e-sistema-cantareira-cai-para-91-da-capacidade","status":"publish","type":"post","link":"https:\/\/www.sincomam.org.br\/index.php\/sp-chega-a-23-dias-sem-chuva-e-sistema-cantareira-cai-para-91-da-capacidade\/","title":{"rendered":"SP chega a 23 dias sem chuva e sistema Cantareira cai para 9,1% da capacidade"},"content":{"rendered":"<p><strong><em>Na mesma data do ano passado, o \u00edndice era de 61,8%<\/em><\/strong><\/p>\n<p>A cidade de S\u00e3o Paulo est\u00e1 h\u00e1 quase 30 dias sem chuva significativa, segundo o Centro de Gerenciamento de Emerg\u00eancia (CGE), da Prefeitura\/SP. E as simula\u00e7\u00f5es meteorol\u00f3gicas n\u00e3o s\u00e3o nada animadoras, garantem os especialistas do centro. <\/p>\n<p>O n\u00edvel de armazenamento do Sistema Cantareira caiu 0,8% desde segunda-feira (5), e atingiu um novo recorde negativo de 9,1% de sua capacidade nesta sexta-feira (9). De acordo com informa\u00e7\u00f5es da Companhia de Saneamento B\u00e1sico do Estado de S\u00e3o Paulo (Sabesp), o n\u00edvel de \u00e1gua recuou pelo 19\u00ba dia consecutivo. Na mesma data do ano passado, o \u00edndice era de 61,8%.<\/p>\n<p><strong>\u00daltimas previs\u00f5es<\/strong><\/p>\n<p>Previs\u00f5es indicam chuvas significativas apenas a partir do pr\u00f3ximo dia 20, por conta da passagem de mais uma frente fria. Quem sofre com isso \u00e9 o reservat\u00f3rio Cantareira, que opera com 9,1% da sua capacidade.<\/p>\n<p>O manancial passa pela pior estiagem dos \u00faltimos 84 anos. Desde o in\u00edcio do m\u00eas choveu 0,3 mm na regi\u00e3o &#8211; a m\u00e9dia para maio \u00e9 de 83,2 mm.<\/p>\n<p>O sistema \u00e9 respons\u00e1vel pelo abastecimento de parte da capital e de munic\u00edpios da Grande S\u00e3o Paulo. No total, mais de 8 milh\u00f5es de pessoas recebem \u00e1gua do Cantareira diariamente. O reservat\u00f3rio ainda atende aos munic\u00edpios da regi\u00e3o de Campinas, no interior do Estado.<\/p>\n<p>A queda livre no indicador de capacidade do Cantareira s\u00f3 deve ser contida a partir do dia 15, quando as obras para utiliza\u00e7\u00e3o do chamado &#8220;volume morto&#8221; (reserva de \u00e1gua na zona mais funda das represas) estar\u00e3o conclu\u00eddas.<\/p>\n<p><strong>Utiliza\u00e7\u00e3o do volume morto do resevat\u00f3rio de Cantareira<\/strong><\/p>\n<p>O secret\u00e1rio de Saneamento e Recursos H\u00eddricos, Mauro Arce, chegou a afirmar que, com a utiliza\u00e7\u00e3o da \u00e1gua que fica da tubula\u00e7\u00e3o que capta o l\u00edquido dos reservat\u00f3rios, o n\u00edvel do Cantareira subir\u00e1 18,5%.<\/p>\n<p>O problema, segundo especialistas, \u00e9 que o uso do &#8220;volume morto&#8221; das represas do sistema Cantareira vai atrasar a recupera\u00e7\u00e3o dos reservat\u00f3rios quando a chuva voltar. Isso se deve a uma esp\u00e9cie de &#8220;efeito esponja&#8221;, que ocorre em \u00e1reas muito secas que voltam a receber chuva.<\/p>\n<p>Fonte: Folhapress<\/p>\n","protected":false},"excerpt":{"rendered":"<p>Na mesma data do ano passado, o \u00edndice era de 61,8% A cidade de S\u00e3o Paulo est\u00e1 h\u00e1 quase 30 dias sem chuva significativa, segundo&#8230;<\/p>\n","protected":false},"author":1182,"featured_media":5407,"comment_status":"closed","ping_status":"closed","sticky":false,"template":"","format":"standard","meta":{"footnotes":""},"categories":[6],"tags":[790,1159,1051,366,1160],"class_list":["post-5406","post","type-post","status-publish","format-standard","has-post-thumbnail","hentry","category-noticias","tag-cantareira","tag-chuva","tag-queda","tag-sao-paulo","tag-sistema"],"_links":{"self":[{"href":"https:\/\/www.sincomam.org.br\/index.php\/wp-json\/wp\/v2\/posts\/5406","targetHints":{"allow":["GET"]}}],"collection":[{"href":"https:\/\/www.sincomam.org.br\/index.php\/wp-json\/wp\/v2\/posts"}],"about":[{"href":"https:\/\/www.sincomam.org.br\/index.php\/wp-json\/wp\/v2\/types\/post"}],"author":[{"embeddable":true,"href":"https:\/\/www.sincomam.org.br\/index.php\/wp-json\/wp\/v2\/users\/1182"}],"replies":[{"embeddable":true,"href":"https:\/\/www.sincomam.org.br\/index.php\/wp-json\/wp\/v2\/comments?post=5406"}],"version-history":[{"count":1,"href":"https:\/\/www.sincomam.org.br\/index.php\/wp-json\/wp\/v2\/posts\/5406\/revisions"}],"predecessor-version":[{"id":5408,"href":"https:\/\/www.sincomam.org.br\/index.php\/wp-json\/wp\/v2\/posts\/5406\/revisions\/5408"}],"wp:featuredmedia":[{"embeddable":true,"href":"https:\/\/www.sincomam.org.br\/index.php\/wp-json\/wp\/v2\/media\/5407"}],"wp:attachment":[{"href":"https:\/\/www.sincomam.org.br\/index.php\/wp-json\/wp\/v2\/media?parent=5406"}],"wp:term":[{"taxonomy":"category","embeddable":true,"href":"https:\/\/www.sincomam.org.br\/index.php\/wp-json\/wp\/v2\/categories?post=5406"},{"taxonomy":"post_tag","embeddable":true,"href":"https:\/\/www.sincomam.org.br\/index.php\/wp-json\/wp\/v2\/tags?post=5406"}],"curies":[{"name":"wp","href":"https:\/\/api.w.org\/{rel}","templated":true}]}}