{"id":5404,"date":"2014-05-12T08:06:23","date_gmt":"2014-05-12T11:06:23","guid":{"rendered":"http:\/\/www.sincomam.org.br\/?p=5404"},"modified":"2014-05-10T16:14:02","modified_gmt":"2014-05-10T19:14:02","slug":"procuradores-vao-pedir-reforco-da-pf-para-analisar-relacao-de-doleiro-com-ex-diretor-da-petrobras","status":"publish","type":"post","link":"https:\/\/www.sincomam.org.br\/index.php\/procuradores-vao-pedir-reforco-da-pf-para-analisar-relacao-de-doleiro-com-ex-diretor-da-petrobras\/","title":{"rendered":"Procuradores v\u00e3o pedir refor\u00e7o da PF para analisar rela\u00e7\u00e3o de doleiro com ex-diretor da Petrobras"},"content":{"rendered":"<p><strong><em>Apura\u00e7\u00e3o de contas deve ser realizada por um grupo de at\u00e9 dez delegados, al\u00e9m de peritos, fiscais e t\u00e9cnicos<\/em><\/strong><\/p>\n<p>A for\u00e7a-tarefa de procuradores que atua na Opera\u00e7\u00e3o Lava-Jato pedir\u00e1 \u00e0 dire\u00e7\u00e3o da Pol\u00edcia Federal refor\u00e7o extra para aprofundar as investiga\u00e7\u00f5es sobre os neg\u00f3cios suspeitos do ex-diretor da Petrobras Paulo Roberto Costa e do doleiro Alberto Youssef com algumas empresas, especialmente com empreiteiras. Os procuradores cogitam a cria\u00e7\u00e3o de um grupo de at\u00e9 dez delegados, ampliada com peritos, fiscais da Receita e t\u00e9cnicos do pr\u00f3prio Minist\u00e9rio P\u00fablico. S\u00f3 assim, na opini\u00e3o de alguns deles, seria poss\u00edvel esgotar a apura\u00e7\u00e3o sobre as movimenta\u00e7\u00f5es financeiras de Youssef e Paulo Roberto Costa e tocar inqu\u00e9ritos espec\u00edficos que dever\u00e3o ser abertos sobre cada empreiteira citada at\u00e9 o momento.<\/p>\n<p>\u2014 Todas as empreiteiras v\u00e3o ter que se explicar \u2014 disse ao GLOBO o procurador Carlos Fernandes, um dos integrantes da for\u00e7a-tarefa destacada para atuar na Opera\u00e7\u00e3o Lava-Jato.<\/p>\n<p>Para o procurador, n\u00e3o d\u00e1 para investigar o doleiro, o ex-diretor da Petrobras e algumas empresas de m\u00e9dio porte usadas em movimenta\u00e7\u00f5es financeiras suspeitas e deixar de fora das an\u00e1lises \u00e0s empreiteiras que fizeram transa\u00e7\u00f5es com os investigados. O procurador sustenta ainda que \u00e9 necess\u00e1rio o refor\u00e7o da equipe porque o volume de informa\u00e7\u00f5es recolhidas at\u00e9 o momento \u00e9 muito expressivo. S\u00f3 no material apreendido, a pol\u00edcia tem uma pilha com 80 mil documentos, entre eles 34 celulares de Youssef, para serem analisados. Dessa massa de informa\u00e7\u00e3o, os procuradores acreditam que v\u00e3o surgir outros tent\u00e1culos da organiza\u00e7\u00e3o de Youssef. A liga\u00e7\u00e3o dele com Paulo Roberto seria apenas um &#8220;galho de uma \u00e1rvore bem maior&#8221;.<\/p>\n<p>O pedido de refor\u00e7o deve ser encaminhado ao diretor-geral da PF, Leandro Daiello, na pr\u00f3xima semana. Uma for\u00e7a-tarefa de dez delegados, como querem alguns procuradores, seria maior at\u00e9 que o pelot\u00e3o destacado para conduzir os inqu\u00e9ritos do caso Banestado, o esc\u00e2ndalo de R$ 30 bilh\u00f5es, um dos mais rumorosos da d\u00e9cada passada. No caso Banestado, as investiga\u00e7\u00f5es se prolongaram por v\u00e1rios anos e muitas den\u00fancias acabaram perdendo for\u00e7a. Com o aprendizado da experi\u00eancia anterior, os procuradores querem dar celeridade aos trabalhos agora. Esta seria uma forma de garantir a efic\u00e1cia das apura\u00e7\u00f5es e, se for o caso, das puni\u00e7\u00f5es dos culpados. As investiga\u00e7\u00f5es sobre Youssef e Paulo Roberto devem ser conclu\u00eddas em seis meses.<\/p>\n<p>Documentos apreendidos at\u00e9 o momento indicam que Youssef teria mudado a linha de atua\u00e7\u00e3o. Na d\u00e9cada passada, quando se tornou um dos personagens centrais do caso Banestado, Youssef aparecia como o doleiro que fazia grandes movimenta\u00e7\u00f5es de dinheiro para terceiros, sem se importar com a origem dos recursos. Nos \u00faltimos anos, pressionado por d\u00edvidas, ele teria expandido seus neg\u00f3cios para a administra\u00e7\u00e3o p\u00fablica, sobretudo em \u00e1reas com grandes or\u00e7amentos. O doleiro teria herdado o esquema do ex-deputado Jos\u00e9 Janene (PP-PR), j\u00e1 falecido.<\/p>\n<p>Fonte: O Globo<br \/>Foto:\u00a0Ex-diretor da Petrobras Paulo Roberto da Costa\u00a0<\/p>\n","protected":false},"excerpt":{"rendered":"<p>Apura\u00e7\u00e3o de contas deve ser realizada por um grupo de at\u00e9 dez delegados, al\u00e9m de peritos, fiscais e t\u00e9cnicos A for\u00e7a-tarefa de procuradores que atua&#8230;<\/p>\n","protected":false},"author":1182,"featured_media":5132,"comment_status":"closed","ping_status":"closed","sticky":false,"template":"","format":"standard","meta":{"footnotes":""},"categories":[6],"tags":[812,58,1157,1158],"class_list":["post-5404","post","type-post","status-publish","format-standard","has-post-thumbnail","hentry","category-noticias","tag-doleiro","tag-petrobras","tag-procuradores","tag-reforco"],"_links":{"self":[{"href":"https:\/\/www.sincomam.org.br\/index.php\/wp-json\/wp\/v2\/posts\/5404","targetHints":{"allow":["GET"]}}],"collection":[{"href":"https:\/\/www.sincomam.org.br\/index.php\/wp-json\/wp\/v2\/posts"}],"about":[{"href":"https:\/\/www.sincomam.org.br\/index.php\/wp-json\/wp\/v2\/types\/post"}],"author":[{"embeddable":true,"href":"https:\/\/www.sincomam.org.br\/index.php\/wp-json\/wp\/v2\/users\/1182"}],"replies":[{"embeddable":true,"href":"https:\/\/www.sincomam.org.br\/index.php\/wp-json\/wp\/v2\/comments?post=5404"}],"version-history":[{"count":1,"href":"https:\/\/www.sincomam.org.br\/index.php\/wp-json\/wp\/v2\/posts\/5404\/revisions"}],"predecessor-version":[{"id":5405,"href":"https:\/\/www.sincomam.org.br\/index.php\/wp-json\/wp\/v2\/posts\/5404\/revisions\/5405"}],"wp:featuredmedia":[{"embeddable":true,"href":"https:\/\/www.sincomam.org.br\/index.php\/wp-json\/wp\/v2\/media\/5132"}],"wp:attachment":[{"href":"https:\/\/www.sincomam.org.br\/index.php\/wp-json\/wp\/v2\/media?parent=5404"}],"wp:term":[{"taxonomy":"category","embeddable":true,"href":"https:\/\/www.sincomam.org.br\/index.php\/wp-json\/wp\/v2\/categories?post=5404"},{"taxonomy":"post_tag","embeddable":true,"href":"https:\/\/www.sincomam.org.br\/index.php\/wp-json\/wp\/v2\/tags?post=5404"}],"curies":[{"name":"wp","href":"https:\/\/api.w.org\/{rel}","templated":true}]}}