{"id":54036,"date":"2024-09-16T07:17:03","date_gmt":"2024-09-16T10:17:03","guid":{"rendered":"http:\/\/www.sincomam.org.br\/?p=54036"},"modified":"2024-09-16T07:17:03","modified_gmt":"2024-09-16T10:17:03","slug":"comperj-tem-1a-unidade-inaugurada-16-anos-depois-de-inicio-das-obras","status":"publish","type":"post","link":"https:\/\/www.sincomam.org.br\/index.php\/comperj-tem-1a-unidade-inaugurada-16-anos-depois-de-inicio-das-obras\/","title":{"rendered":"Comperj tem 1\u00aa unidade inaugurada 16 anos depois de in\u00edcio das obras"},"content":{"rendered":"<p>Dezesseis anos depois do in\u00edcio de suas obras, o antigo Complexo Petroqu\u00edmico do Rio de Janeiro (Comperj), agora rebatizado de Complexo de Energias Boaventura, teve sua primeira unidade fabril inaugurada nesta sexta-feira (13), em Itabora\u00ed, no Grande Rio. A unidade de processamento de g\u00e1s natural (UPGN) \u00e9 a maior do pa\u00eds e ter\u00e1 capacidade de processar 21 milh\u00f5es de metros c\u00fabicos (m\u00b3) por dia.<img decoding=\"async\" src=\"https:\/\/agenciabrasil.ebc.com.br\/ebc.png?id=1612048&amp;o=node\" \/><img decoding=\"async\" src=\"https:\/\/agenciabrasil.ebc.com.br\/ebc.gif?id=1612048&amp;o=node\" \/><\/p>\n<p>Presente ao ato, o presidente da Rep\u00fablica, Luiz In\u00e1cio Lula da Silva, lamentou a paralisa\u00e7\u00e3o das obras:\u00a0&#8220;Isso aqui era para ser a grande ind\u00fastria petroqu\u00edmica brasileira. Meu sonho foi jogado no lixo, porque eles pararam isso aqui, como pararam a refinaria Abreu e Lima, como pararam a possibilidade de uma refinaria no Cear\u00e1, uma refinaria no Maranh\u00e3o&#8221;.<\/p>\n<p>Segundo o ministro Alexandre Silveira, a paralisa\u00e7\u00e3o das obras em 2015 foi &#8220;covarde&#8221;, que impediu a gera\u00e7\u00e3o de receitas de R$ 7 bilh\u00f5es, desde 2018, quando estava prevista a conclus\u00e3o das obras, apenas em diesel refinado.<\/p>\n<h2>ANP<\/h2>\n<p>A autoriza\u00e7\u00e3o para entrada em opera\u00e7\u00e3o foi concedida pela Ag\u00eancia Nacional do Petr\u00f3leo, G\u00e1s Natural e Biocombust\u00edveis (ANP) na \u00faltima segunda-feira (9). Nos pr\u00f3ximos dias, ser\u00e3o feitos testes e calibra\u00e7\u00f5es de equipamentos.<\/p>\n<p>A entrada em opera\u00e7\u00e3o comercial est\u00e1 prevista para o in\u00edcio do pr\u00f3ximo m\u00eas. A UPGN receber\u00e1 g\u00e1s natural diretamente do pr\u00e9-sal da Bacia de Santos, atrav\u00e9s do gasoduto Rota 3, que tamb\u00e9m inicia suas opera\u00e7\u00f5es.<\/p>\n<p>De acordo com o ministro de Minas e Energia, Alexandre Silveira, a UPGN permitir\u00e1 aumentar a oferta para o mercado nacional.<\/p>\n<p>&#8220;Esse g\u00e1s natural n\u00e3o \u00e9 qualquer g\u00e1s, \u00e9 o g\u00e1s natural do pr\u00e9-sal. \u00c9 o g\u00e1s que vai reduzir nossa depend\u00eancia energ\u00e9tica e garantir nossa seguran\u00e7a alimentar e energ\u00e9tica&#8221;, disse o ministro.<\/p>\n<p>O Comperj foi anunciado em 2006, durante o primeiro governo do presidente Lula, e iniciou suas obras dois anos depois. A previs\u00e3o inicial era de uma unidade que refinasse 165 mil barris de petr\u00f3leo por dia e entrasse em opera\u00e7\u00e3o em 2012.<\/p>\n<p>Com o avan\u00e7ar das obras e o an\u00fancio de uma nova refinaria ainda maior, a previs\u00e3o de inaugura\u00e7\u00e3o foi sendo postergada. Em 2015, as obras foram totalmente interrompidas, em meio a uma crise econ\u00f4mica e den\u00fancias de corrup\u00e7\u00e3o na Petrobras.<\/p>\n<p>Em 2018, j\u00e1 com um novo planejamento, de concluir primeiramente uma unidade de processamento de g\u00e1s, a UPGN teve suas obras retomadas.<\/p>\n<p>&#8220;Para a cidade, o estado e o pa\u00eds, \u00e9 uma representatividade enorme, depois de 16 anos, a gente tem a realiza\u00e7\u00e3o de ter a primeira unidade. E ele traz pro nosso estado, uma oferta enorme de g\u00e1s natural. [A UPGN] deve ampliar em torno de 20% a oferta de g\u00e1s no pa\u00eds&#8221;, explicou o gerente da UPGN, Leandro Veiga.<\/p>\n<p>O Complexo de Energias Boaventura ter\u00e1 tamb\u00e9m unidades de refino de lubrificantes do Grupo II, com capacidade de produzir 12 mil barris por dia; de querosene de avia\u00e7\u00e3o QAV-1 (20 mil barris\/dia); e de diesel S-10 (75 mil barris).<\/p>\n<p>Duas usinas termel\u00e9tricas a g\u00e1s (com capacidades de gerar 1.200 e 600 megawatts) tamb\u00e9m est\u00e3o planejadas para o complexo, que atuar\u00e1 em sinergia com a Refinaria Duque de Caxias (Reduc).<\/p>\n","protected":false},"excerpt":{"rendered":"<p>Dezesseis anos depois do in\u00edcio de suas obras, o antigo Complexo Petroqu\u00edmico do Rio de Janeiro (Comperj), agora rebatizado de Complexo de Energias Boaventura, teve&#8230;<\/p>\n","protected":false},"author":1527,"featured_media":54038,"comment_status":"closed","ping_status":"closed","sticky":false,"template":"","format":"standard","meta":{"footnotes":""},"categories":[6],"tags":[],"class_list":["post-54036","post","type-post","status-publish","format-standard","has-post-thumbnail","hentry","category-noticias"],"_links":{"self":[{"href":"https:\/\/www.sincomam.org.br\/index.php\/wp-json\/wp\/v2\/posts\/54036","targetHints":{"allow":["GET"]}}],"collection":[{"href":"https:\/\/www.sincomam.org.br\/index.php\/wp-json\/wp\/v2\/posts"}],"about":[{"href":"https:\/\/www.sincomam.org.br\/index.php\/wp-json\/wp\/v2\/types\/post"}],"author":[{"embeddable":true,"href":"https:\/\/www.sincomam.org.br\/index.php\/wp-json\/wp\/v2\/users\/1527"}],"replies":[{"embeddable":true,"href":"https:\/\/www.sincomam.org.br\/index.php\/wp-json\/wp\/v2\/comments?post=54036"}],"version-history":[{"count":1,"href":"https:\/\/www.sincomam.org.br\/index.php\/wp-json\/wp\/v2\/posts\/54036\/revisions"}],"predecessor-version":[{"id":54039,"href":"https:\/\/www.sincomam.org.br\/index.php\/wp-json\/wp\/v2\/posts\/54036\/revisions\/54039"}],"wp:featuredmedia":[{"embeddable":true,"href":"https:\/\/www.sincomam.org.br\/index.php\/wp-json\/wp\/v2\/media\/54038"}],"wp:attachment":[{"href":"https:\/\/www.sincomam.org.br\/index.php\/wp-json\/wp\/v2\/media?parent=54036"}],"wp:term":[{"taxonomy":"category","embeddable":true,"href":"https:\/\/www.sincomam.org.br\/index.php\/wp-json\/wp\/v2\/categories?post=54036"},{"taxonomy":"post_tag","embeddable":true,"href":"https:\/\/www.sincomam.org.br\/index.php\/wp-json\/wp\/v2\/tags?post=54036"}],"curies":[{"name":"wp","href":"https:\/\/api.w.org\/{rel}","templated":true}]}}