{"id":54012,"date":"2024-09-13T12:21:41","date_gmt":"2024-09-13T15:21:41","guid":{"rendered":"http:\/\/www.sincomam.org.br\/?p=54012"},"modified":"2024-09-13T12:26:13","modified_gmt":"2024-09-13T15:26:13","slug":"lula-deu-aval-para-fim-do-saque-aniversario-do-fgts-e-maior-acesso-ao-consignado-diz-ministro","status":"publish","type":"post","link":"https:\/\/www.sincomam.org.br\/index.php\/lula-deu-aval-para-fim-do-saque-aniversario-do-fgts-e-maior-acesso-ao-consignado-diz-ministro\/","title":{"rendered":"Lula deu aval para fim do saque-anivers\u00e1rio do FGTS e maior acesso ao consignado, diz ministro"},"content":{"rendered":"<div id=\"chunk-93f5h\">\n<div class=\"mc-column content-text active-extra-styles \" data-block-type=\"unstyled\" data-block-weight=\"47\" data-block-id=\"2\">\n<p class=\" content-text__container \" data-track-category=\"Link no Texto\" data-track-links=\"\" data-mrf-recirculation=\"Article links\">O ministro do Trabalho, Luiz Marinho, disse que o presidente Luiz In\u00e1cio\u00a0Lula\u00a0da Silva j\u00e1 deu aval ao plano de acabar com o\u00a0saque-anivers\u00e1rio<a class=\"\" href=\"https:\/\/g1.globo.com\/economia\/noticia\/2024\/05\/02\/fgts-saque-aniversario-e-liberado-para-nascidos-em-maio.ghtml\" data-mrf-link=\"https:\/\/g1.globo.com\/economia\/noticia\/2024\/05\/02\/fgts-saque-aniversario-e-liberado-para-nascidos-em-maio.ghtml\">\u00a0<\/a>do Fundo de Garantia por Tempo de Servi\u00e7o (FGTS). O projeto deve ser enviado em novembro ao Congresso, logo ap\u00f3s as elei\u00e7\u00f5es.<\/p>\n<\/div>\n<\/div>\n<div class=\"wall protected-content\">\n<div id=\"chunk-dr56b\">\n<div class=\"mc-column content-text active-extra-styles \" data-block-type=\"unstyled\" data-block-weight=\"28\" data-block-id=\"4\">\n<p class=\" content-text__container \" data-track-category=\"Link no Texto\" data-track-links=\"\" data-mrf-recirculation=\"Article links\">Implementado em 2020, o saque-anivers\u00e1rio do FGTS permite ao trabalhador sacar parte do saldo das contas ativas e inativas do FGTS, anualmente, no m\u00eas de seu anivers\u00e1rio.<\/p>\n<\/div>\n<\/div>\n<div id=\"chunk-2922u\">\n<div class=\"mc-column content-text active-extra-styles \" data-block-type=\"unstyled\" data-block-weight=\"42\" data-block-id=\"5\">\n<p class=\" content-text__container \" data-track-category=\"Link no Texto\" data-track-links=\"\" data-mrf-recirculation=\"Article links\">A ades\u00e3o a essa modalidade de saque \u00e9 opcional. No entanto, em caso de demiss\u00e3o, o trabalhador pode sacar apenas o valor referente \u00e0 multa rescis\u00f3ria (multa de 40% paga pela empresa), e n\u00e3o o valor integral acumulado na conta do fundo.<\/p>\n<div id=\"chunk-4hlm\">\n<div class=\"mc-column content-text active-extra-styles \" data-block-type=\"unstyled\" data-block-weight=\"43\" data-block-id=\"7\">\n<p class=\" content-text__container \" data-track-category=\"Link no Texto\" data-track-links=\"\" data-mrf-recirculation=\"Article links\">O Pal\u00e1cio do Planalto, segundo o ministro, decidiu que, em troca desse tipo de saque, vai propor um novo formato para que o trabalhador do setor privado possa ter mais acesso a cr\u00e9dito consignado, aquele que \u00e9 pago com descontos direto no sal\u00e1rio.<\/p>\n<\/div>\n<\/div>\n<div id=\"chunk-3066c\">\n<div class=\"mc-column content-text active-extra-styles\" data-block-type=\"raw\" data-block-weight=\"37\" data-block-id=\"8\">\n<div id=\"chunk-bp4m6\">\n<div class=\"mc-column content-text active-extra-styles\" data-block-type=\"raw\" data-block-weight=\"8\" data-block-id=\"9\">\n<div class=\"content-intertitle\">\n<h2>9 milh\u00f5es n\u00e3o puderam receber FGTS ap\u00f3s demiss\u00e3o<\/h2>\n<\/div>\n<p>Desde quando o saque foi criado, mais de 9 milh\u00f5es de trabalhadores foram demitidos e n\u00e3o puderam receber o dinheiro que eles t\u00eam no FGTS por causa das regras do saque-anivers\u00e1rio, a que esses trabalhadores decidiram aderir voluntariamente.<\/p>\n<\/div>\n<\/div>\n<div id=\"chunk-2a22t\">\n<div class=\"mc-column content-text active-extra-styles \" data-block-type=\"unstyled\" data-block-weight=\"12\" data-block-id=\"11\">\n<p class=\" content-text__container \" data-track-category=\"Link no Texto\" data-track-links=\"\" data-mrf-recirculation=\"Article links\">Por conta disso, ficaram impedidos de resgatar, ao todo,\u00a0<span class=\"highlight highlighted\">R$ 5 bilh\u00f5es<\/span>.<\/p>\n<div id=\"chunk-3sh2i\">\n<div class=\"mc-column content-text active-extra-styles\" data-block-type=\"raw\" data-block-weight=\"3\" data-block-id=\"14\">\n<div class=\"content-intertitle\">\n<h2>Resist\u00eancia no Congresso<\/h2>\n<\/div>\n<p>Marinho tenta apoio para emplacar o projeto de acabar com essa modalidade desde o in\u00edcio do governo. Mas, agora, ele diz que a Casa Civil j\u00e1 analisou a proposta e tem respaldo pol\u00edtico para apresentar a ideia ao Congresso.<\/p>\n<\/div>\n<\/div>\n<div id=\"chunk-aflk9\">\n<div class=\"mc-column content-text active-extra-styles \" data-block-type=\"unstyled\" data-block-weight=\"10\" data-block-id=\"16\">\n<p class=\" content-text__container \" data-track-category=\"Link no Texto\" data-track-links=\"\" data-mrf-recirculation=\"Article links\">A resist\u00eancia, segundo ele, passou a ser principalmente de parlamentares.<\/p>\n<\/div>\n<\/div>\n<div id=\"chunk-bdk4i\">\n<div class=\"mc-column content-text active-extra-styles \" data-block-type=\"unstyled\" data-block-weight=\"31\" data-block-id=\"17\">\n<p class=\" content-text__container \" data-track-category=\"Link no Texto\" data-track-links=\"\" data-mrf-recirculation=\"Article links\">Ele declarou que a demora ocorre porque \u201cfalta a discuss\u00e3o, ter a seguran\u00e7a que o Congresso vai recepcionar [ou seja, aprovar a ideia] e n\u00f3s precis\u00e1vamos tamb\u00e9m pactuar internamente no governo\u201d.<\/p>\n<\/div>\n<\/div>\n<div id=\"chunk-8o0dk\">\n<div class=\"mc-column content-text active-extra-styles \" data-block-type=\"unstyled\" data-block-weight=\"64\" data-block-id=\"18\">\n<p class=\" content-text__container \" data-track-category=\"Link no Texto\" data-track-links=\"\" data-mrf-recirculation=\"Article links\">\u201cJ\u00e1 falamos sobre isso com v\u00e1rias lideran\u00e7as, j\u00e1 abordei isso com o presidente [da C\u00e2mara, Arthur Lira], mas vamos retomar essa conversa com a dire\u00e7\u00e3o das casas, com o presidente Lira e o presidente [do Senado, Rodrigo] Pacheco, e propor conversa com todas as lideran\u00e7as, de todos os partidos para apresentar o problema que existe hoje e a solu\u00e7\u00e3o que n\u00f3s queremos dar\u201d, completou.<\/p>\n<\/div>\n<\/div>\n<div id=\"chunk-390fu\">\n<div class=\"mc-column content-text active-extra-styles \" data-block-type=\"unstyled\" data-block-weight=\"28\" data-block-id=\"19\">\n<p class=\" content-text__container \" data-track-category=\"Link no Texto\" data-track-links=\"\" data-mrf-recirculation=\"Article links\">O ministro afirmou que a principal preocupa\u00e7\u00e3o dos parlamentares \u00e9 que os juros do consignado podem ser mais elevados do que os oferecidos atualmente por meio do saque-anivers\u00e1rio.<\/p>\n<\/div>\n<\/div>\n<div id=\"chunk-8u905\">\n<div class=\"mc-column content-text active-extra-styles \" data-block-type=\"unstyled\" data-block-weight=\"22\" data-block-id=\"20\">\n<p class=\" content-text__container \" data-track-category=\"Link no Texto\" data-track-links=\"\" data-mrf-recirculation=\"Article links\">Trabalhadores que aderiram ao saque-anivers\u00e1rio conseguem receber antecipadamente dinheiro por meio de empr\u00e9stimos com bancos. E esse empr\u00e9stimo \u00e9 pago com juros.<\/p>\n<p data-track-category=\"Link no Texto\" data-track-links=\"\" data-mrf-recirculation=\"Article links\">Fonte: G1<\/p>\n<\/div>\n<\/div>\n<\/div>\n<\/div>\n<\/div>\n<\/div>\n<\/div>\n<\/div>\n<\/div>\n","protected":false},"excerpt":{"rendered":"<p>O ministro do Trabalho, Luiz Marinho, disse que o presidente Luiz In\u00e1cio\u00a0Lula\u00a0da Silva j\u00e1 deu aval ao plano de acabar com o\u00a0saque-anivers\u00e1rio\u00a0do Fundo de Garantia&#8230;<\/p>\n","protected":false},"author":1527,"featured_media":54014,"comment_status":"closed","ping_status":"closed","sticky":false,"template":"","format":"standard","meta":{"footnotes":""},"categories":[6],"tags":[],"class_list":["post-54012","post","type-post","status-publish","format-standard","has-post-thumbnail","hentry","category-noticias"],"_links":{"self":[{"href":"https:\/\/www.sincomam.org.br\/index.php\/wp-json\/wp\/v2\/posts\/54012","targetHints":{"allow":["GET"]}}],"collection":[{"href":"https:\/\/www.sincomam.org.br\/index.php\/wp-json\/wp\/v2\/posts"}],"about":[{"href":"https:\/\/www.sincomam.org.br\/index.php\/wp-json\/wp\/v2\/types\/post"}],"author":[{"embeddable":true,"href":"https:\/\/www.sincomam.org.br\/index.php\/wp-json\/wp\/v2\/users\/1527"}],"replies":[{"embeddable":true,"href":"https:\/\/www.sincomam.org.br\/index.php\/wp-json\/wp\/v2\/comments?post=54012"}],"version-history":[{"count":1,"href":"https:\/\/www.sincomam.org.br\/index.php\/wp-json\/wp\/v2\/posts\/54012\/revisions"}],"predecessor-version":[{"id":54015,"href":"https:\/\/www.sincomam.org.br\/index.php\/wp-json\/wp\/v2\/posts\/54012\/revisions\/54015"}],"wp:featuredmedia":[{"embeddable":true,"href":"https:\/\/www.sincomam.org.br\/index.php\/wp-json\/wp\/v2\/media\/54014"}],"wp:attachment":[{"href":"https:\/\/www.sincomam.org.br\/index.php\/wp-json\/wp\/v2\/media?parent=54012"}],"wp:term":[{"taxonomy":"category","embeddable":true,"href":"https:\/\/www.sincomam.org.br\/index.php\/wp-json\/wp\/v2\/categories?post=54012"},{"taxonomy":"post_tag","embeddable":true,"href":"https:\/\/www.sincomam.org.br\/index.php\/wp-json\/wp\/v2\/tags?post=54012"}],"curies":[{"name":"wp","href":"https:\/\/api.w.org\/{rel}","templated":true}]}}