{"id":54008,"date":"2024-09-13T12:18:03","date_gmt":"2024-09-13T15:18:03","guid":{"rendered":"http:\/\/www.sincomam.org.br\/?p=54008"},"modified":"2024-09-13T12:18:03","modified_gmt":"2024-09-13T15:18:03","slug":"prefeitura-de-manaus-decreta-situacao-de-emergencia-por-causa-da-seca","status":"publish","type":"post","link":"https:\/\/www.sincomam.org.br\/index.php\/prefeitura-de-manaus-decreta-situacao-de-emergencia-por-causa-da-seca\/","title":{"rendered":"Prefeitura de Manaus decreta situa\u00e7\u00e3o de emerg\u00eancia por causa da seca"},"content":{"rendered":"<p>A prefeitura de Manaus decretou situa\u00e7\u00e3o de emerg\u00eancia devido \u00e0 seca severa que afeta o Rio Negro, na capital do Amazonas, e vai implementar a\u00e7\u00f5es para atender necessidades das comunidades ribeirinhas.<img decoding=\"async\" src=\"https:\/\/agenciabrasil.ebc.com.br\/ebc.png?id=1611893&amp;o=node\" \/><img decoding=\"async\" src=\"https:\/\/agenciabrasil.ebc.com.br\/ebc.gif?id=1611893&amp;o=node\" \/><\/p>\n<p>A medida coloca Manaus, a s\u00e9tima cidade mais populosa do pa\u00eds, com quase 2,3 milh\u00f5es de habitantes, na lista dos munic\u00edpios que devem receber recursos do governo federal para enfrentar a estiagem que atinge a regi\u00e3o.<\/p>\n<p>De acordo com a Ag\u00eancia Nacional de \u00c1guas, o rio\u00a0est\u00e1 abaixo da m\u00e9dia hist\u00f3rica para essa \u00e9poca do ano; e nesta quinta-feira (12)\u00a0atingiu a marca de 16,97 metros na cidade de Manaus.<\/p>\n<p>A situa\u00e7\u00e3o \u00e9 preocupante, porque a tend\u00eancia \u00e9 que o n\u00edvel continue diminuindo.<\/p>\n<p>No ano passado, o n\u00edvel mais baixo s\u00f3 foi atingido no final de outubro. E apenas um m\u00eas depois dessa baixa recorde\u00a0\u00e9 que as \u00e1guas voltaram a subir.<\/p>\n<p>Quem tira o sustento do rio sabe a dificuldade que foi no ano passado. Fabiane Aiub trabalha em um porto pr\u00f3ximo ao Encontro das \u00c1guas. Ela lembra das estruturas submersas que voltaram a aparecer e dos preju\u00edzos com o transporte fluvial.<\/p>\n<p>&#8220;Apareceu um pedra, que n\u00e3o aparecia h\u00e1 anos. Foi bem seco e navega\u00e7\u00e3o ficou bem complicada, mas perigosa, por causa dos bancos de areia&#8221;, contou.<\/p>\n<p>De acordo com a prefeitura, o decreto assinado nesta semana vai ajudar a levar aten\u00e7\u00e3o b\u00e1sica p\u00fablica para as fam\u00edlias que podem sofrer com a seca. Desde o final de agosto, o estado do Amazonas j\u00e1 havia decretado emerg\u00eancia n\u00e3o apenas em Manaus, mas nos demais\u00a062 munic\u00edpios.<\/p>\n<p>Fonte: Ag\u00eancia Brasil<\/p>\n","protected":false},"excerpt":{"rendered":"<p>A prefeitura de Manaus decretou situa\u00e7\u00e3o de emerg\u00eancia devido \u00e0 seca severa que afeta o Rio Negro, na capital do Amazonas, e vai implementar a\u00e7\u00f5es&#8230;<\/p>\n","protected":false},"author":1527,"featured_media":54010,"comment_status":"closed","ping_status":"closed","sticky":false,"template":"","format":"standard","meta":{"footnotes":""},"categories":[6],"tags":[],"class_list":["post-54008","post","type-post","status-publish","format-standard","has-post-thumbnail","hentry","category-noticias"],"_links":{"self":[{"href":"https:\/\/www.sincomam.org.br\/index.php\/wp-json\/wp\/v2\/posts\/54008","targetHints":{"allow":["GET"]}}],"collection":[{"href":"https:\/\/www.sincomam.org.br\/index.php\/wp-json\/wp\/v2\/posts"}],"about":[{"href":"https:\/\/www.sincomam.org.br\/index.php\/wp-json\/wp\/v2\/types\/post"}],"author":[{"embeddable":true,"href":"https:\/\/www.sincomam.org.br\/index.php\/wp-json\/wp\/v2\/users\/1527"}],"replies":[{"embeddable":true,"href":"https:\/\/www.sincomam.org.br\/index.php\/wp-json\/wp\/v2\/comments?post=54008"}],"version-history":[{"count":1,"href":"https:\/\/www.sincomam.org.br\/index.php\/wp-json\/wp\/v2\/posts\/54008\/revisions"}],"predecessor-version":[{"id":54011,"href":"https:\/\/www.sincomam.org.br\/index.php\/wp-json\/wp\/v2\/posts\/54008\/revisions\/54011"}],"wp:featuredmedia":[{"embeddable":true,"href":"https:\/\/www.sincomam.org.br\/index.php\/wp-json\/wp\/v2\/media\/54010"}],"wp:attachment":[{"href":"https:\/\/www.sincomam.org.br\/index.php\/wp-json\/wp\/v2\/media?parent=54008"}],"wp:term":[{"taxonomy":"category","embeddable":true,"href":"https:\/\/www.sincomam.org.br\/index.php\/wp-json\/wp\/v2\/categories?post=54008"},{"taxonomy":"post_tag","embeddable":true,"href":"https:\/\/www.sincomam.org.br\/index.php\/wp-json\/wp\/v2\/tags?post=54008"}],"curies":[{"name":"wp","href":"https:\/\/api.w.org\/{rel}","templated":true}]}}