{"id":5400,"date":"2014-05-12T08:10:37","date_gmt":"2014-05-12T11:10:37","guid":{"rendered":"http:\/\/www.sincomam.org.br\/?p=5400"},"modified":"2014-05-10T16:00:59","modified_gmt":"2014-05-10T19:00:59","slug":"estaleiro-vard-promar-esta-quase-pronto","status":"publish","type":"post","link":"https:\/\/www.sincomam.org.br\/index.php\/estaleiro-vard-promar-esta-quase-pronto\/","title":{"rendered":"Estaleiro Vard Promar est\u00e1 quase pronto"},"content":{"rendered":"<p>As obras f\u00edsicas do Vard Promar, localizado no Complexo Industrial Portu\u00e1rio de Suape, est\u00e3o praticamente conclu\u00eddas. Recentemente, o empreendimento recebeu o guindaste Goliaths, com capacidade de i\u00e7amento de blocos com at\u00e9 300 toneladas. O gigante, importado da China com investimento de US$ 15 milh\u00f5es, \u00e9 uma das \u00faltimas etapas da constru\u00e7\u00e3o do empreendimento, or\u00e7ada em R$ 350 milh\u00f5es. Al\u00e9m disso, o grupo conclui a constru\u00e7\u00e3o de um segundo refeit\u00f3rio, inclu\u00eddo no projeto recentemente. As obras tiveram in\u00edcio em 2011.<\/p>\n<p>Em paralelo as obras f\u00edsicas, o Vard Promar acelera a produ\u00e7\u00e3o de navios. O EP-3, como est\u00e1 sendo chamado o primeiro navio gaseiro (usado no transporte de GLP, o g\u00e1s de cozinha) constru\u00eddo pelo empreendimento em Pernambuco ser\u00e1 lan\u00e7ado ao mar (onde passar\u00e1 pela fase de ajustes) em junho. A previs\u00e3o \u00e9 de que a encomenda seja entregue \u00e0 Transpetro, subsidi\u00e1ria da Petrobras, e respons\u00e1vel pela encomenda, em dezembro.<\/p>\n<p>\u201cAl\u00e9m desses j\u00e1 demos in\u00edcio em solo pernambucano a constru\u00e7\u00e3o do quarto gaseiro. Pelo contrato com a Petrobras devemos entregar todos os oito navios at\u00e9 2017. Ent\u00e3o, ano que vem entregamos tr\u00eas, em 2016 dois e em 2017 o \u00faltimo\u201d, contou o presidente do Vard Promar, Miro Arantes. O estaleiro pernambucano faz parte da divis\u00e3o Vard, o bra\u00e7o offshore do grupo italiano Fincantieri, refer\u00eancia na constru\u00e7\u00e3o naval mundial.<\/p>\n<p>O Vard Promar tamb\u00e9m deve intensificar as contrata\u00e7\u00f5es de funcion\u00e1rios este ano. A previs\u00e3o \u00e9 de que at\u00e9 o fim do ano mais 500 trabalhadores passem a integrar a equipe do estaleiro, que j\u00e1 conta com mil funcion\u00e1rios. Entre eles, est\u00e1 o operador de equipamentos, Josinaldo Alves da Silva. H\u00e1 pouco mais de um ano trabalhando no empreendimento ele diz ter encontrado um local para ficar.<\/p>\n<p>&#8220;Eu vim montar um equipamento aqui, conheci o projeto e decidi participar de uma sele\u00e7\u00e3o. Um tempo depois fui contratado. Eu gosto da profiss\u00e3o e do que fa\u00e7o&#8221;, afirma. Morador de Palmares, devido o novo emprego ele se mudou para Ponte dos Carvalhos com a mulher e o filho. &#8220;Eu trabalhei em v\u00e1rios lugares, inclusive na L\u00edbia. Ao menos agora estou em um endere\u00e7o fixo&#8221;, diz.<\/p>\n<p>Fonte: Di\u00e1rio de Pernambuco\/Rochelli Dantas<\/p>\n","protected":false},"excerpt":{"rendered":"<p>As obras f\u00edsicas do Vard Promar, localizado no Complexo Industrial Portu\u00e1rio de Suape, est\u00e3o praticamente conclu\u00eddas. Recentemente, o empreendimento recebeu o guindaste Goliaths, com capacidade&#8230;<\/p>\n","protected":false},"author":1182,"featured_media":3241,"comment_status":"closed","ping_status":"closed","sticky":false,"template":"","format":"standard","meta":{"footnotes":""},"categories":[6],"tags":[81,614,1155],"class_list":["post-5400","post","type-post","status-publish","format-standard","has-post-thumbnail","hentry","category-noticias","tag-estaleiro","tag-suape","tag-vard-promar"],"_links":{"self":[{"href":"https:\/\/www.sincomam.org.br\/index.php\/wp-json\/wp\/v2\/posts\/5400","targetHints":{"allow":["GET"]}}],"collection":[{"href":"https:\/\/www.sincomam.org.br\/index.php\/wp-json\/wp\/v2\/posts"}],"about":[{"href":"https:\/\/www.sincomam.org.br\/index.php\/wp-json\/wp\/v2\/types\/post"}],"author":[{"embeddable":true,"href":"https:\/\/www.sincomam.org.br\/index.php\/wp-json\/wp\/v2\/users\/1182"}],"replies":[{"embeddable":true,"href":"https:\/\/www.sincomam.org.br\/index.php\/wp-json\/wp\/v2\/comments?post=5400"}],"version-history":[{"count":1,"href":"https:\/\/www.sincomam.org.br\/index.php\/wp-json\/wp\/v2\/posts\/5400\/revisions"}],"predecessor-version":[{"id":5401,"href":"https:\/\/www.sincomam.org.br\/index.php\/wp-json\/wp\/v2\/posts\/5400\/revisions\/5401"}],"wp:featuredmedia":[{"embeddable":true,"href":"https:\/\/www.sincomam.org.br\/index.php\/wp-json\/wp\/v2\/media\/3241"}],"wp:attachment":[{"href":"https:\/\/www.sincomam.org.br\/index.php\/wp-json\/wp\/v2\/media?parent=5400"}],"wp:term":[{"taxonomy":"category","embeddable":true,"href":"https:\/\/www.sincomam.org.br\/index.php\/wp-json\/wp\/v2\/categories?post=5400"},{"taxonomy":"post_tag","embeddable":true,"href":"https:\/\/www.sincomam.org.br\/index.php\/wp-json\/wp\/v2\/tags?post=5400"}],"curies":[{"name":"wp","href":"https:\/\/api.w.org\/{rel}","templated":true}]}}